{"id":72098,"date":"2020-12-10T16:47:22","date_gmt":"2020-12-10T15:47:22","guid":{"rendered":"https:\/\/www.fisifvg.org\/?p=72098"},"modified":"2020-12-10T16:47:22","modified_gmt":"2020-12-10T15:47:22","slug":"ecco-le-piste-fvg-disponibili-per-gli-allenamenti-di-sci-alpino-e-le-modalita-di-prenotazione","status":"publish","type":"post","link":"https:\/\/comitati.fisi.org\/friuli-venezia-giulia\/blog\/2020\/12\/10\/ecco-le-piste-fvg-disponibili-per-gli-allenamenti-di-sci-alpino-e-le-modalita-di-prenotazione\/","title":{"rendered":"Le piste FVG disponibili per gli allenamenti di sci alpino e le modalit\u00e0 di prenotazione"},"content":{"rendered":"<p style=\"font-weight: 400\">Proponiamo l&#8217;elenco delle piste FVG disponibili per gli allenamenti di sci alpino e le modalit\u00e0 di prenotazione, <strong>con la precisazione che la decisione \u00e8 in attesa di formalizzazione da parte della Regione.<\/strong><\/p>\n<p style=\"font-weight: 400\">Nel frattempo i club possono contattare i referenti di polo (<a href=\"http:\/\/comitati.fisi.org\/friuli-venezia-giulia\/wp-content\/uploads\/sites\/34\/2020\/12\/Elenco-Referenti-allenamenti2.pdf\">CLICCA QUI PER VISUALIZZARLI<\/a>) per dare indicazione del numero di atleti per gruppo al fine di predisporre il programma allenamenti<\/p>\n<p style=\"font-weight: 400\">Qui di seguito i poli e relative piste ed impianti che dovrebbero essere aperti nel week.end del 12 e 13 dicembre esclusivamente per gli atleti di interesse FISI-CONI, cos\u00ec come previsto dal DPDC del 3.12.2020 art.1.10.oo.<\/p>\n<p><a href=\"http:\/\/comitati.fisi.org\/friuli-venezia-giulia\/wp-content\/uploads\/sites\/34\/2020\/12\/Senza-titolo.png\"><img loading=\"lazy\" decoding=\"async\" class=\"aligncenter wp-image-72099 size-full\" src=\"http:\/\/comitati.fisi.org\/friuli-venezia-giulia\/wp-content\/uploads\/sites\/34\/2020\/12\/Senza-titolo.png\" alt=\"\" width=\"781\" height=\"166\" srcset=\"https:\/\/comitati.fisi.org\/friuli-venezia-giulia\/wp-content\/uploads\/sites\/34\/2020\/12\/Senza-titolo.png 781w, https:\/\/comitati.fisi.org\/friuli-venezia-giulia\/wp-content\/uploads\/sites\/34\/2020\/12\/Senza-titolo-300x64.png 300w, https:\/\/comitati.fisi.org\/friuli-venezia-giulia\/wp-content\/uploads\/sites\/34\/2020\/12\/Senza-titolo-768x163.png 768w\" sizes=\"(max-width: 781px) 100vw, 781px\" \/><\/a><\/p>\n<p><span style=\"font-size: 1rem\"><strong>IL VADEMECUM<\/strong><br \/>\n<em><strong>(a cura di PromoturismoFVG e Comitato FISI FVG)<\/strong><\/em><\/span><\/p>\n<p>Riassumiamo le disposizioni per quanto riguarda gli allenamenti:<br \/>\n&#8211; gli atleti devono comunicare all&#8217;allenatore la presenza all&#8217;allenamento con l&#8217;anticipo richiesto per consentirgli di prenotare tracciato.<br \/>\n&#8211; gli atleti devono essere in possesso di tessera FISI 20\/21 e certificato medico di idoneit\u00e0 agonistica in corso di validit\u00e0. La responsabilit\u00e0 \u00e8 del presidente dello Sci Club, che attesta che gli atleti sono di interesse nazionale in regola con quanto sopra.<br \/>\n&#8211; FISI FVG chiede che tutti gli atleti che intendono partecipare agli allenamenti compilino l&#8217;autocertificazione COVID-19 che deve essere presentata allo Sci Club per avere la convocazione firmata dal presidente.<br \/>\n&#8211; lo Sci Club compila la convocazione inserendo data e sede dell&#8217;allenamento, nominativo dell&#8217;allenatore e attesta che gli atleti convocati possono allenarsi in qualit\u00e0 di atleti di interesse nazionale. La stessa va inviata all\u2019allenatore, al Polo in cui si svolger\u00e0 l&#8217;allenamento e, per conoscenza, al Comitato FVG (<a href=\"mailto:crfvg@fisi.org\">crfvg@fisi.org<\/a>).<br \/>\n&#8211; Gli elenchi degli atleti convocati agli allenamenti saranno preventivamente controllati dalla FISI FVG e nei Poli saranno svolti dei controlli.<br \/>\n&#8211; Sono autorizzati gli allenamenti gestiti da Allenatori accreditati STF in regola con gli aggiornamenti e presenti nell&#8217;ultima lista scaricabile dal sito <a href=\"http:\/\/www.fisi.org\">www.fisi.org<\/a><span style=\"font-size: 1rem\">.<br \/>\n<\/span><span style=\"font-size: 1rem\">&#8211; L&#8217;allenatore STF non potr\u00e0 accedere alle piste di allenamento se non avr\u00e0 firmato e consegnato presso il Polo in cui svolge la seduta il<strong> Regolamento<\/strong>, stabilito da PromoturismoFVG, ove dichiarer\u00e0 di aver preso visione e di aver istruito i propri allievi sulle disposizioni riguardanti l\u2019utilizzo degli impianti di risalita gestiti da PromoturismoFVG (<a href=\"http:\/\/comitati.fisi.org\/friuli-venezia-giulia\/wp-content\/uploads\/sites\/34\/2020\/12\/Responsabilita-allenatori-tutti-i-Poli.pdf\">CLICCARE QUI PER SCARICARLO<\/a>).<br \/>\n&#8211; Tutti indistintamente dovranno indossare la mascherina in coda e sugli impianti, rispettare le norme sull&#8217;uso e capienza degli stessi e mantenere sempre le distanze.<br \/>\n&#8211; In questa prima fase sar\u00e0 data priorit\u00e0 nelle prenotazioni alle categorie giovanili.<br \/>\n&#8211; In ogni polo verr\u00e0 stilato settimanalmente un programma di allenamenti coordinato da PromoturismoFVG. ove verranno preventivamente stabiliti i turni di allenamento (previsti sia su piste con tracciato che in campo libero al fine di garantire il controllo di numero massimo di atleti per area).<br \/>\n&#8211; I Referenti di Polo aggiorneranno gli allenatori sulle aperture settimanali della prossima settimana.<br \/>\n<\/span><\/p>\n<p style=\"font-weight: 400\">\n","protected":false},"excerpt":{"rendered":"<p>Tutte le informazioni utili fornite da PromoturismoFVG e dal Comitato<\/p>\n","protected":false},"author":4,"featured_media":63989,"comment_status":"closed","ping_status":"closed","sticky":false,"template":"","format":"standard","meta":{"_acf_changed":false,"footnotes":""},"categories":[21,10,15],"tags":[],"acf":[],"_links":{"self":[{"href":"https:\/\/comitati.fisi.org\/friuli-venezia-giulia\/wp-json\/wp\/v2\/posts\/72098"}],"collection":[{"href":"https:\/\/comitati.fisi.org\/friuli-venezia-giulia\/wp-json\/wp\/v2\/posts"}],"about":[{"href":"https:\/\/comitati.fisi.org\/friuli-venezia-giulia\/wp-json\/wp\/v2\/types\/post"}],"author":[{"embeddable":true,"href":"https:\/\/comitati.fisi.org\/friuli-venezia-giulia\/wp-json\/wp\/v2\/users\/4"}],"replies":[{"embeddable":true,"href":"https:\/\/comitati.fisi.org\/friuli-venezia-giulia\/wp-json\/wp\/v2\/comments?post=72098"}],"version-history":[{"count":0,"href":"https:\/\/comitati.fisi.org\/friuli-venezia-giulia\/wp-json\/wp\/v2\/posts\/72098\/revisions"}],"wp:featuredmedia":[{"embeddable":true,"href":"https:\/\/comitati.fisi.org\/friuli-venezia-giulia\/wp-json\/wp\/v2\/media\/63989"}],"wp:attachment":[{"href":"https:\/\/comitati.fisi.org\/friuli-venezia-giulia\/wp-json\/wp\/v2\/media?parent=72098"}],"wp:term":[{"taxonomy":"category","embeddable":true,"href":"https:\/\/comitati.fisi.org\/friuli-venezia-giulia\/wp-json\/wp\/v2\/categories?post=72098"},{"taxonomy":"post_tag","embeddable":true,"href":"https:\/\/comitati.fisi.org\/friuli-venezia-giulia\/wp-json\/wp\/v2\/tags?post=72098"}],"curies":[{"name":"wp","href":"https:\/\/api.w.org\/{rel}","templated":true}]}}