{"id":72061,"date":"2020-12-08T16:21:45","date_gmt":"2020-12-08T15:21:45","guid":{"rendered":"https:\/\/www.fisifvg.org\/?p=72061"},"modified":"2020-12-08T16:21:45","modified_gmt":"2020-12-08T15:21:45","slug":"buzzi-pronto-per-le-prime-prove-cronometrate-della-stagione","status":"publish","type":"post","link":"https:\/\/comitati.fisi.org\/friuli-venezia-giulia\/blog\/2020\/12\/08\/buzzi-pronto-per-le-prime-prove-cronometrate-della-stagione\/","title":{"rendered":"Buzzi pronto per le prime prove cronometrate della stagione"},"content":{"rendered":"<p>La pista Oreiller-Killy di Val d&#8217;Is\u00e8re \u00e8 pronta a ospitare il primo fine settimana della velocit\u00e0 maschile di Coppa del mondo, con una discesa in programma sabato 12 e un supergigante domenica 13 dicembre. Da gioved\u00ec 10 sono previste le prime prove cronometrate alle quali risultano iscritti nove azzurri: Dominik Paris, Christof Innerhofer, <strong>Emanuele Buzzi\u00a0<em>(nella foto)<\/em><\/strong>, Matteo Marsaglia, Davide Cazzaniga, Florian Schieder, Alexander Prast, Riccardo Tonetti e Guglielmo Bosca. Rcordiamo che l&#8217;Italia pu\u00f2 schierare fino a un massimo di sette atleti in discesa e otto in supergigante, con l&#8217;aggiunta di Alexander Prast che in questa specialit\u00e0 ha il posto fisso conquistato l&#8217;anno passato in Coppa Europa.<\/p>\n<p>La squadra azzurra si prepara a salutare il rientro di Paris, che il 21 gennaio scorso si ruppe il legamento crociato del ginocchio destro. Il campione della Val d&#8217;Ultimo, terzo sulla pista transalpina nel dicembre 2016 in supergigante, \u00e8 tornato a sciare sul finire dell&#8217;estate e questa settimana sulla pista francese gli sar\u00e0 utile per valutare il proprio stato di forma, in una preparazione studiata a tavolino per arrivare al massimo della condizione ai Mondiali di Cortina. Da seguire con curiosit\u00e0 anche e gesta di Innerhofer, che ha utilizzato la scorsa stagione di competizioni per partecipare a due soli appuntamenti di Coppa del mondo, al fine di recuperare la migliore condizione fisica. Purtroppo le previsioni meteorologiche destano qualche preoccupazione, con nevicate attese sin da domani e per tutti i giorni di gara.<\/p>\n","protected":false},"excerpt":{"rendered":"<p>La pista Oreiller-Killy di Val d&#8217;Is\u00e8re ospita il primo fine settimana della velocit\u00e0 maschile di Coppa del Mondo <\/p>\n","protected":false},"author":4,"featured_media":65560,"comment_status":"closed","ping_status":"closed","sticky":false,"template":"","format":"standard","meta":{"_acf_changed":false,"footnotes":""},"categories":[15],"tags":[],"acf":[],"_links":{"self":[{"href":"https:\/\/comitati.fisi.org\/friuli-venezia-giulia\/wp-json\/wp\/v2\/posts\/72061"}],"collection":[{"href":"https:\/\/comitati.fisi.org\/friuli-venezia-giulia\/wp-json\/wp\/v2\/posts"}],"about":[{"href":"https:\/\/comitati.fisi.org\/friuli-venezia-giulia\/wp-json\/wp\/v2\/types\/post"}],"author":[{"embeddable":true,"href":"https:\/\/comitati.fisi.org\/friuli-venezia-giulia\/wp-json\/wp\/v2\/users\/4"}],"replies":[{"embeddable":true,"href":"https:\/\/comitati.fisi.org\/friuli-venezia-giulia\/wp-json\/wp\/v2\/comments?post=72061"}],"version-history":[{"count":0,"href":"https:\/\/comitati.fisi.org\/friuli-venezia-giulia\/wp-json\/wp\/v2\/posts\/72061\/revisions"}],"wp:featuredmedia":[{"embeddable":true,"href":"https:\/\/comitati.fisi.org\/friuli-venezia-giulia\/wp-json\/wp\/v2\/media\/65560"}],"wp:attachment":[{"href":"https:\/\/comitati.fisi.org\/friuli-venezia-giulia\/wp-json\/wp\/v2\/media?parent=72061"}],"wp:term":[{"taxonomy":"category","embeddable":true,"href":"https:\/\/comitati.fisi.org\/friuli-venezia-giulia\/wp-json\/wp\/v2\/categories?post=72061"},{"taxonomy":"post_tag","embeddable":true,"href":"https:\/\/comitati.fisi.org\/friuli-venezia-giulia\/wp-json\/wp\/v2\/tags?post=72061"}],"curies":[{"name":"wp","href":"https:\/\/api.w.org\/{rel}","templated":true}]}}