{"id":72055,"date":"2020-12-08T12:29:04","date_gmt":"2020-12-08T11:29:04","guid":{"rendered":"https:\/\/www.fisifvg.org\/?p=72055"},"modified":"2020-12-08T12:29:04","modified_gmt":"2020-12-08T11:29:04","slug":"dal-12-dicembre-riprendono-gli-allenamenti-di-sci-alpino-sulle-piste-fvg","status":"publish","type":"post","link":"https:\/\/comitati.fisi.org\/friuli-venezia-giulia\/blog\/2020\/12\/08\/dal-12-dicembre-riprendono-gli-allenamenti-di-sci-alpino-sulle-piste-fvg\/","title":{"rendered":"Dal 12 dicembre riprendono gli allenamenti di sci alpino sulle piste FVG"},"content":{"rendered":"<p>Da sabato 12 dicembre riprendono gli allenamenti del settore sci alpino anche in FVG.<br \/>\nLa Regione e PromoturismoFVG hanno aderito alle richieste del Comitato FVG e degli sci club per riaprire un numero limitato di impianti allo scopo di permettere, esclusivamente agli atleti agonisti di sci alpino, di allenarsi senza affrontare indesiderabili e onerose trasferte fuori regione.<br \/>\nVa infatti ricordato che la FISI nazionale aveva gi\u00e0 siglato un accordo nella Conferenza Stato-Regioni per permettere agli atleti di interesse nazionale di continuare ad allenarsi a prescindere dal colore della regione o dal DPCM in vigore.<br \/>\nIn un primo tempo l\u2019autorizzazione copriva solo le categorie Giovani e Senior\/Master impegnate nelle gare FIS di novembre e inizio dicembre, ma dal 30 novembre \u00e8 stata allargata a tutte le categorie giovanili Baby-Cuccioli e Ragazzi-Allievi, ovvero quelle impegnate in stagione in gare nazionali e internazionali (ad esempio Campionati Italiani, Alpe Cimbra, Pinocchio, Criterium Cuccioli).<br \/>\nNelle altre regioni alpine erano gi\u00e0 state aperte alcune piste da inizio dicembre, ma ieri \u00e8 arrivata la conferma che da sabato 12 anche in FVG verranno aperte alcune piste dedicate all\u2019allenamento agonistico, partendo da un paio di poli, in fase di definizione in base alle nevicate in corso, per poi auspicabilmente allargarsi ad altri poli della regione.<br \/>\nQuesto anche grazie ad una richiesta formale inviata e sottoscritta da tutti gli sci club della regione impegnati nello sci alpino, in un\u2019azione davvero unica che ha unito tutti i sodalizi dalla montagna al mare, in cui \u00e8 stato chiesto di potersi allenare in regione come gi\u00e0 stanno organizzando i vicini Veneto e Alto Adige. L\u2019assessore Bini ha accolto le richieste dei club e insieme a PromoturismoFVG ha predisposto un dettagliato protocollo per permettere agli atleti di allenarsi in sicurezza.<br \/>\nDa parte di tutti ci vorr\u00e0 molto senso di responsabilit\u00e0: le piste andranno prenotate con rotazione, si dovranno seguire precise regole di comportamento e bisogner\u00e0 organizzare la logistica per i pernottamenti in sicurezza. Non sar\u00e0 vacanza, ma solo lavoro per prepararsi al meglio per la stagione che sta per iniziare.<br \/>\nIn una nota congiunta, tutto il movimento dello sci alpino regionale &#8220;<em>vuole cogliere l\u2019occasione per ringraziare l\u2019assessore regionale alle attivit\u00e0 produttive e turismo Sergio Emidio Bini, il direttore di PromoturismoFVG Lucio Gomiero, il Consigliere Federale nonch\u00e9 responsabile montagna di PromoturismoFVG Enzo Sima, il presidente della FISI FVG Maurizio Dunnhofer e tutti gli enti locali che collaboreranno per rendere possibile questo progetto&#8221;.<\/em><\/p>\n<p><em><strong>(nella foto i ragazzi del gruppo EYOF 2023)<\/strong><\/em><\/p>\n","protected":false},"excerpt":{"rendered":"<p>La Regione e PromoturismoFVG hanno aderito alle richieste del Comitato FVG e degli sci club per riaprire un numero limitato di impianti<\/p>\n","protected":false},"author":4,"featured_media":70996,"comment_status":"closed","ping_status":"closed","sticky":false,"template":"","format":"standard","meta":{"_acf_changed":false,"footnotes":""},"categories":[10,15],"tags":[],"acf":[],"_links":{"self":[{"href":"https:\/\/comitati.fisi.org\/friuli-venezia-giulia\/wp-json\/wp\/v2\/posts\/72055"}],"collection":[{"href":"https:\/\/comitati.fisi.org\/friuli-venezia-giulia\/wp-json\/wp\/v2\/posts"}],"about":[{"href":"https:\/\/comitati.fisi.org\/friuli-venezia-giulia\/wp-json\/wp\/v2\/types\/post"}],"author":[{"embeddable":true,"href":"https:\/\/comitati.fisi.org\/friuli-venezia-giulia\/wp-json\/wp\/v2\/users\/4"}],"replies":[{"embeddable":true,"href":"https:\/\/comitati.fisi.org\/friuli-venezia-giulia\/wp-json\/wp\/v2\/comments?post=72055"}],"version-history":[{"count":0,"href":"https:\/\/comitati.fisi.org\/friuli-venezia-giulia\/wp-json\/wp\/v2\/posts\/72055\/revisions"}],"wp:featuredmedia":[{"embeddable":true,"href":"https:\/\/comitati.fisi.org\/friuli-venezia-giulia\/wp-json\/wp\/v2\/media\/70996"}],"wp:attachment":[{"href":"https:\/\/comitati.fisi.org\/friuli-venezia-giulia\/wp-json\/wp\/v2\/media?parent=72055"}],"wp:term":[{"taxonomy":"category","embeddable":true,"href":"https:\/\/comitati.fisi.org\/friuli-venezia-giulia\/wp-json\/wp\/v2\/categories?post=72055"},{"taxonomy":"post_tag","embeddable":true,"href":"https:\/\/comitati.fisi.org\/friuli-venezia-giulia\/wp-json\/wp\/v2\/tags?post=72055"}],"curies":[{"name":"wp","href":"https:\/\/api.w.org\/{rel}","templated":true}]}}