{"id":72031,"date":"2020-12-07T16:35:16","date_gmt":"2020-12-07T15:35:16","guid":{"rendered":"https:\/\/www.fisifvg.org\/?p=72031"},"modified":"2020-12-07T16:35:16","modified_gmt":"2020-12-07T15:35:16","slug":"i-saltatori-azzurri-insam-e-bresadola-preparano-a-tarvisio-i-mondiali-voli","status":"publish","type":"post","link":"https:\/\/comitati.fisi.org\/friuli-venezia-giulia\/blog\/2020\/12\/07\/i-saltatori-azzurri-insam-e-bresadola-preparano-a-tarvisio-i-mondiali-voli\/","title":{"rendered":"I saltatori azzurri Insam e Bresadola preparano a Tarvisio i Mondiali Voli di Planica"},"content":{"rendered":"<p>Alex Insam e Giovanni Bresadola sono i due convocati dal direttore tecnico del salto azzurro Federico Rigoni per il raduno di <strong>Tarvisio<\/strong> che si tiene da oggi a mercoled\u00ec 9 dicembre sotto la direzione del tecnico<strong> Andrea Morassi.<\/strong><\/p>\n<p>I due saltatori sono iscritti per i Mondiali Voli in programma nella vicina Planica venerd\u00ec 11 (primi due salti) e sabato 12 dicembre (terzo e quarto), con qualificazioni gioved\u00ec 10. Domenica 13 si disputer\u00e0 la prova a squadre, con l&#8217;Italia assente.<\/p>\n<p><em><strong>(nella foto Newspower, Alex Insam)<\/strong><\/em><\/p>\n","protected":false},"excerpt":{"rendered":"<p>I due saltatori sono iscritti per la gara che si svolger\u00e0 venerd\u00ec 11 e sabato 12, con qualificazioni gioved\u00ec 10<\/p>\n","protected":false},"author":4,"featured_media":72032,"comment_status":"closed","ping_status":"closed","sticky":false,"template":"","format":"standard","meta":{"_acf_changed":false,"footnotes":""},"categories":[10,12],"tags":[],"acf":[],"_links":{"self":[{"href":"https:\/\/comitati.fisi.org\/friuli-venezia-giulia\/wp-json\/wp\/v2\/posts\/72031"}],"collection":[{"href":"https:\/\/comitati.fisi.org\/friuli-venezia-giulia\/wp-json\/wp\/v2\/posts"}],"about":[{"href":"https:\/\/comitati.fisi.org\/friuli-venezia-giulia\/wp-json\/wp\/v2\/types\/post"}],"author":[{"embeddable":true,"href":"https:\/\/comitati.fisi.org\/friuli-venezia-giulia\/wp-json\/wp\/v2\/users\/4"}],"replies":[{"embeddable":true,"href":"https:\/\/comitati.fisi.org\/friuli-venezia-giulia\/wp-json\/wp\/v2\/comments?post=72031"}],"version-history":[{"count":0,"href":"https:\/\/comitati.fisi.org\/friuli-venezia-giulia\/wp-json\/wp\/v2\/posts\/72031\/revisions"}],"wp:featuredmedia":[{"embeddable":true,"href":"https:\/\/comitati.fisi.org\/friuli-venezia-giulia\/wp-json\/wp\/v2\/media\/72032"}],"wp:attachment":[{"href":"https:\/\/comitati.fisi.org\/friuli-venezia-giulia\/wp-json\/wp\/v2\/media?parent=72031"}],"wp:term":[{"taxonomy":"category","embeddable":true,"href":"https:\/\/comitati.fisi.org\/friuli-venezia-giulia\/wp-json\/wp\/v2\/categories?post=72031"},{"taxonomy":"post_tag","embeddable":true,"href":"https:\/\/comitati.fisi.org\/friuli-venezia-giulia\/wp-json\/wp\/v2\/tags?post=72031"}],"curies":[{"name":"wp","href":"https:\/\/api.w.org\/{rel}","templated":true}]}}