{"id":72024,"date":"2020-12-07T14:33:59","date_gmt":"2020-12-07T13:33:59","guid":{"rendered":"https:\/\/www.fisifvg.org\/?p=72024"},"modified":"2020-12-07T14:33:59","modified_gmt":"2020-12-07T13:33:59","slug":"in-17-dalla-fisi-fvg-per-la-prima-tappa-della-coppa-italia-di-biathlon","status":"publish","type":"post","link":"https:\/\/comitati.fisi.org\/friuli-venezia-giulia\/blog\/2020\/12\/07\/in-17-dalla-fisi-fvg-per-la-prima-tappa-della-coppa-italia-di-biathlon\/","title":{"rendered":"In 17 dalla FISI FVG per la prima tappa della Coppa Italia di biathlon"},"content":{"rendered":"<p>Saranno 17 gli esponenti della squadra FISI FVG in gara sabato 12 e domenica 13 dicembre in Val Martello per la prima tappa della Coppa Italia 20-21 di biathlon.<br \/>\nIn programma due prove sprint.<br \/>\nSotto i nomi degli 11 convocati dal settore tecnico regionale e dei 6 esponenti dei gruppi militari.<\/p>\n<p><strong>SETTORE TECNICO<\/strong><\/p>\n<div id=\"gallery-1\" class=\"gallery galleryid-98 gallery-columns-4 gallery-size-thumbnail\">\n<figure class=\"gallery-item\">\n<div class=\"gallery-icon landscape\"><a href=\"https:\/\/www.fisifvg.org\/comitato-regionale\/biathlon-2020-maurizio-del-fabbro\/\"><img loading=\"lazy\" decoding=\"async\" class=\"attachment-thumbnail size-thumbnail\" src=\"https:\/\/www.fisifvg.org\/wp-content\/uploads\/2019\/11\/BIATHLON-2020-Maurizio-Del-Fabbro.jpg\" alt=\"\" width=\"300\" height=\"300\" aria-describedby=\"gallery-1-61941\" \/><\/a><\/div><figcaption id=\"gallery-1-61941\" class=\"wp-caption-text gallery-caption\">MAURIZIO DEL FABBRO<br \/>\ncoordinatore\/responsabile aria compressa<\/figcaption><\/figure>\n<figure class=\"gallery-item\">\n<div class=\"gallery-icon portrait\"><a href=\"https:\/\/www.fisifvg.org\/squadra-biathlon\/biathlon-2019-luca-natale\/\"><img loading=\"lazy\" decoding=\"async\" class=\"attachment-thumbnail size-thumbnail\" src=\"https:\/\/www.fisifvg.org\/wp-content\/uploads\/2018\/09\/BIATHLON-2019-Luca-Natale.jpg\" alt=\"\" width=\"299\" height=\"300\" aria-describedby=\"gallery-1-50810\" \/><\/a><\/div><figcaption id=\"gallery-1-50810\" class=\"wp-caption-text gallery-caption\">LUCA NATALE<br \/>\ndirettore sportivo<\/figcaption><\/figure>\n<figure class=\"gallery-item\">\n<div class=\"gallery-icon landscape\"><a href=\"https:\/\/www.fisifvg.org\/2019\/11\/22\/i-campionati-isontini-transfrontalieri-compiono-16-anni\/biathlon-2020-enrico-tach2\/\"><img loading=\"lazy\" decoding=\"async\" class=\"attachment-thumbnail size-thumbnail\" src=\"http:\/\/comitati.fisi.org\/friuli-venezia-giulia\/wp-content\/uploads\/sites\/34\/2019\/11\/BIATHLON-2020-Enrico-Tach2.jpg\" alt=\"\" width=\"300\" height=\"300\" aria-describedby=\"gallery-1-62781\" \/><\/a><\/div><figcaption id=\"gallery-1-62781\" class=\"wp-caption-text gallery-caption\">ENRICO TACH<br \/>\ndirettore tecnico\/ allenatore tiro<\/figcaption><\/figure>\n<figure class=\"gallery-item\">\n<div class=\"gallery-icon landscape\"><a href=\"https:\/\/www.fisifvg.org\/squadra-biathlon\/biathlon-2020-giuseppe-piller-cottrer\/\"><img loading=\"lazy\" decoding=\"async\" class=\"attachment-thumbnail size-thumbnail\" src=\"https:\/\/www.fisifvg.org\/wp-content\/uploads\/2019\/11\/BIATHLON-2020-Giuseppe-Piller-Cottrer.jpg\" alt=\"\" width=\"300\" height=\"300\" aria-describedby=\"gallery-1-61974\" \/><\/a><\/div><figcaption id=\"gallery-1-61974\" class=\"wp-caption-text gallery-caption\">GIUSEPPE PILLER COTTRER<br \/>\nallenatore\/preparatore atletico<\/figcaption><\/figure>\n<figure class=\"gallery-item\">\n<div class=\"gallery-icon landscape\"><a href=\"https:\/\/www.fisifvg.org\/squadra-biathlon\/biathlon-2020-gianni-rupil\/\"><img loading=\"lazy\" decoding=\"async\" class=\"attachment-thumbnail size-thumbnail\" src=\"https:\/\/www.fisifvg.org\/wp-content\/uploads\/2019\/12\/BIATHLON-2020-Gianni-Rupil.jpeg\" alt=\"\" width=\"300\" height=\"300\" aria-describedby=\"gallery-1-63220\" \/><\/a><\/div><figcaption id=\"gallery-1-63220\" class=\"wp-caption-text gallery-caption\">GIANNI RUPIL<br \/>\nskiman (responsabile)<\/figcaption><\/figure>\n<figure class=\"gallery-item\">\n<div class=\"gallery-icon landscape\"><a href=\"https:\/\/www.fisifvg.org\/squadra-biathlon\/biathlon-2020-denis-arnellin\/\"><img loading=\"lazy\" decoding=\"async\" class=\"attachment-thumbnail size-thumbnail\" src=\"https:\/\/www.fisifvg.org\/wp-content\/uploads\/2019\/12\/BIATHLON-2020-Denis-Arnellin.jpeg\" alt=\"\" width=\"300\" height=\"300\" aria-describedby=\"gallery-1-63221\" \/><\/a><\/div><figcaption id=\"gallery-1-63221\" class=\"wp-caption-text gallery-caption\">DENIS ARMELLIN<br \/>\nskiman<\/figcaption><\/figure>\n<\/div>\n<p><strong>SQUADRA A<\/strong><\/p>\n<div id=\"gallery-2\" class=\"gallery galleryid-98 gallery-columns-4 gallery-size-thumbnail\">\n<figure class=\"gallery-item\">\n<div class=\"gallery-icon portrait\"><a href=\"https:\/\/www.fisifvg.org\/2019\/11\/22\/i-campionati-isontini-transfrontalieri-compiono-16-anni\/biathlon-2020-fabio-cappellari\/\"><img loading=\"lazy\" decoding=\"async\" class=\"attachment-thumbnail size-thumbnail\" src=\"http:\/\/comitati.fisi.org\/friuli-venezia-giulia\/wp-content\/uploads\/sites\/34\/2019\/11\/BIATHLON-2020-Fabio-Cappellari.jpg\" alt=\"\" width=\"299\" height=\"300\" aria-describedby=\"gallery-2-62782\" \/><\/a><\/div><figcaption id=\"gallery-2-62782\" class=\"wp-caption-text gallery-caption\">FABIO CAPPELLARI<br \/>\nFornese<\/figcaption><\/figure>\n<figure class=\"gallery-item\">\n<div class=\"gallery-icon portrait\"><a href=\"https:\/\/www.fisifvg.org\/2019\/11\/22\/i-campionati-isontini-transfrontalieri-compiono-16-anni\/biathlon-2020-lorenzo-solero2\/\"><img loading=\"lazy\" decoding=\"async\" class=\"attachment-thumbnail size-thumbnail\" src=\"http:\/\/comitati.fisi.org\/friuli-venezia-giulia\/wp-content\/uploads\/sites\/34\/2019\/11\/BIATHLON-2020-Lorenzo-Solero2.jpg\" alt=\"\" width=\"299\" height=\"300\" aria-describedby=\"gallery-2-62795\" \/><\/a><\/div><figcaption id=\"gallery-2-62795\" class=\"wp-caption-text gallery-caption\">LORENZO SOLERO<br \/>\nCamosci<\/figcaption><\/figure>\n<figure class=\"gallery-item\">\n<div class=\"gallery-icon portrait\"><a href=\"https:\/\/www.fisifvg.org\/squadra-biathlon\/biathlon-2020-pietro-pallober2\/\"><img loading=\"lazy\" decoding=\"async\" class=\"attachment-thumbnail size-thumbnail\" src=\"https:\/\/www.fisifvg.org\/wp-content\/uploads\/2019\/11\/BIATHLON-2020-Pietro-Pallober2.jpg\" alt=\"\" width=\"300\" height=\"301\" aria-describedby=\"gallery-2-62822\" \/><\/a><\/div><figcaption id=\"gallery-2-62822\" class=\"wp-caption-text gallery-caption\">PIETRO PALLOBER<br \/>\nMonte Coglians<\/figcaption><\/figure>\n<figure class=\"gallery-item\">\n<div class=\"gallery-icon landscape\"><a href=\"https:\/\/www.fisifvg.org\/2019\/11\/22\/i-campionati-isontini-transfrontalieri-compiono-16-anni\/biathlon-2020-nicholas-ribbi2\/\"><img loading=\"lazy\" decoding=\"async\" class=\"attachment-thumbnail size-thumbnail\" src=\"http:\/\/comitati.fisi.org\/friuli-venezia-giulia\/wp-content\/uploads\/sites\/34\/2019\/11\/BIATHLON-2020-Nicholas-Ribbi2.jpg\" alt=\"\" width=\"301\" height=\"300\" aria-describedby=\"gallery-2-62805\" \/><\/a><\/div><figcaption id=\"gallery-2-62805\" class=\"wp-caption-text gallery-caption\">NICOLAS RIBBI<br \/>\nCamosci<\/figcaption><\/figure>\n<figure class=\"gallery-item\">\n<div class=\"gallery-icon portrait\"><a href=\"https:\/\/www.fisifvg.org\/2019\/11\/22\/i-campionati-isontini-transfrontalieri-compiono-16-anni\/biathlon-2020-alex-perissutti\/\"><img loading=\"lazy\" decoding=\"async\" class=\"attachment-thumbnail size-thumbnail\" src=\"http:\/\/comitati.fisi.org\/friuli-venezia-giulia\/wp-content\/uploads\/sites\/34\/2019\/11\/BIATHLON-2020-Alex-Perissutti.jpg\" alt=\"\" width=\"300\" height=\"301\" aria-describedby=\"gallery-2-62774\" \/><\/a><\/div><figcaption id=\"gallery-2-62774\" class=\"wp-caption-text gallery-caption\">ALEX PERISSUTTI<br \/>\nFornese<\/figcaption><\/figure>\n<figure class=\"gallery-item\">\n<div class=\"gallery-icon portrait\"><a href=\"https:\/\/www.fisifvg.org\/2019\/11\/22\/i-campionati-isontini-transfrontalieri-compiono-16-anni\/biathlon-2020-giada-monegato\/\"><img loading=\"lazy\" decoding=\"async\" class=\"attachment-thumbnail size-thumbnail\" src=\"http:\/\/comitati.fisi.org\/friuli-venezia-giulia\/wp-content\/uploads\/sites\/34\/2019\/11\/BIATHLON-2020-Giada-Monegato.jpg\" alt=\"\" width=\"300\" height=\"301\" aria-describedby=\"gallery-2-62788\" \/><\/a><\/div><figcaption id=\"gallery-2-62788\" class=\"wp-caption-text gallery-caption\">GIADA MONEGATO<br \/>\nMonte Coglians<\/figcaption><\/figure>\n<figure class=\"gallery-item\">\n<div class=\"gallery-icon landscape\"><a href=\"https:\/\/www.fisifvg.org\/2019\/11\/22\/i-campionati-isontini-transfrontalieri-compiono-16-anni\/biathlon-2020-serena-del-fabbro-2\/\"><img loading=\"lazy\" decoding=\"async\" class=\"attachment-thumbnail size-thumbnail\" src=\"http:\/\/comitati.fisi.org\/friuli-venezia-giulia\/wp-content\/uploads\/sites\/34\/2019\/11\/BIATHLON-2020-Serena-Del-Fabbro-1.jpg\" alt=\"\" width=\"301\" height=\"300\" aria-describedby=\"gallery-2-62808\" \/><\/a><\/div><figcaption id=\"gallery-2-62808\" class=\"wp-caption-text gallery-caption\">SERENA DEL FABBRO<br \/>\nMonte Coglians<\/figcaption><\/figure>\n<figure class=\"gallery-item\">\n<div class=\"gallery-icon portrait\"><a href=\"https:\/\/www.fisifvg.org\/2019\/11\/22\/i-campionati-isontini-transfrontalieri-compiono-16-anni\/biathlon-2020-astrid-plosch\/\"><img loading=\"lazy\" decoding=\"async\" class=\"attachment-thumbnail size-thumbnail\" src=\"https:\/\/www.fisifvg.org\/wp-content\/uploads\/2019\/11\/BIATHLON-2020-Astrid-Pl%C3%B6sch.jpg\" alt=\"\" width=\"299\" height=\"300\" aria-describedby=\"gallery-2-62776\" \/><\/a><\/div><figcaption id=\"gallery-2-62776\" class=\"wp-caption-text gallery-caption\">ASTRID PL\u00d6SCH<br \/>\nWeissenfels<\/figcaption><\/figure>\n<\/div>\n<p><strong>SQUADRA OSSERVATI<br \/>\n<\/strong><\/p>\n<div id=\"gallery-3\" class=\"gallery galleryid-98 gallery-columns-4 gallery-size-thumbnail\">\n<figure class=\"gallery-item\">\n<div class=\"gallery-icon landscape\"><a href=\"https:\/\/www.fisifvg.org\/squadra-biathlon\/biathlon-2019-dario-de-candido\/\"><img loading=\"lazy\" decoding=\"async\" class=\"attachment-thumbnail size-thumbnail\" src=\"https:\/\/www.fisifvg.org\/wp-content\/uploads\/2018\/09\/BIATHLON-2019-Dario-De-Candido.jpg\" alt=\"\" width=\"300\" height=\"300\" aria-describedby=\"gallery-3-50796\" \/><\/a><\/div><figcaption id=\"gallery-3-50796\" class=\"wp-caption-text gallery-caption\">DARIO DE CANDIDO<br \/>\nMonte Coglians<\/figcaption><\/figure>\n<figure class=\"gallery-item\">\n<div class=\"gallery-icon portrait\"><a href=\"https:\/\/www.fisifvg.org\/2019\/11\/22\/i-campionati-isontini-transfrontalieri-compiono-16-anni\/biathlon-2020-mattia-pittin\/\"><img loading=\"lazy\" decoding=\"async\" class=\"attachment-thumbnail size-thumbnail\" src=\"http:\/\/comitati.fisi.org\/friuli-venezia-giulia\/wp-content\/uploads\/sites\/34\/2019\/11\/BIATHLON-2020-Mattia-Pittin.jpg\" alt=\"\" width=\"300\" height=\"301\" aria-describedby=\"gallery-3-62802\" \/><\/a><\/div><figcaption id=\"gallery-3-62802\" class=\"wp-caption-text gallery-caption\">MATTIA PITTIN<br \/>\nMonte Coglians<\/figcaption><\/figure>\n<figure class=\"gallery-item\">\n<div class=\"gallery-icon landscape\"><a href=\"https:\/\/www.fisifvg.org\/squadra-biathlon\/biathlon-logo\/\"><img loading=\"lazy\" decoding=\"async\" class=\"attachment-thumbnail size-thumbnail\" src=\"https:\/\/www.fisifvg.org\/wp-content\/uploads\/2020\/12\/BIATHLON-LOGO-400x400.jpg\" alt=\"\" width=\"400\" height=\"400\" aria-describedby=\"gallery-3-72045\" \/><\/a><\/div><figcaption id=\"gallery-3-72045\" class=\"wp-caption-text gallery-caption\">CESARE LOZZA<br \/>\nFornese<\/figcaption><\/figure>\n<\/div>\n<p><strong style=\"text-align: center;font-size: 1rem\">CORPI MILITARI<\/strong><\/p>\n<div id=\"gallery-4\" class=\"gallery galleryid-98 gallery-columns-4 gallery-size-thumbnail\" style=\"text-align: left\">\n<figure class=\"gallery-item\">\n<div class=\"gallery-icon portrait\"><a href=\"https:\/\/www.fisifvg.org\/squadra-biathlon\/biathlon-2020-daniele-fauner1\/\"><img loading=\"lazy\" decoding=\"async\" class=\"attachment-thumbnail size-thumbnail\" src=\"https:\/\/www.fisifvg.org\/wp-content\/uploads\/2019\/12\/BIATHLON-2020-Daniele-Fauner1.jpg\" alt=\"\" width=\"300\" height=\"301\" aria-describedby=\"gallery-4-63804\" \/><\/a><\/div><figcaption id=\"gallery-4-63804\" class=\"wp-caption-text gallery-caption\">DANIELE FAUNER<br \/>\nCS Carabinieri<\/figcaption><\/figure>\n<figure class=\"gallery-item\">\n<div class=\"gallery-icon portrait\"><a href=\"https:\/\/www.fisifvg.org\/squadra-biathlon\/biathlon-2020-sara-cesco-fabbro-2\/\"><img loading=\"lazy\" decoding=\"async\" class=\"attachment-thumbnail size-thumbnail\" src=\"https:\/\/www.fisifvg.org\/wp-content\/uploads\/2019\/10\/BIATHLON-2020-Sara-Cesco-Fabbro-1-400x400.jpeg\" alt=\"\" width=\"400\" height=\"400\" aria-describedby=\"gallery-4-61871\" \/><\/a><\/div><figcaption id=\"gallery-4-61871\" class=\"wp-caption-text gallery-caption\">SARA CESCO FABBRO<br \/>\nCS Esercito<\/figcaption><\/figure>\n<figure class=\"gallery-item\">\n<div class=\"gallery-icon landscape\"><a href=\"https:\/\/www.fisifvg.org\/squadra-biathlon\/biathlon-2021-fabio-piller-cottrer-2\/\"><img loading=\"lazy\" decoding=\"async\" class=\"attachment-thumbnail size-thumbnail\" src=\"https:\/\/www.fisifvg.org\/wp-content\/uploads\/2020\/07\/BIATHLON-2021-Fabio-Piller-Cottrer.jpeg\" alt=\"\" width=\"300\" height=\"300\" aria-describedby=\"gallery-4-70060\" \/><\/a><\/div><figcaption id=\"gallery-4-70060\" class=\"wp-caption-text gallery-caption\">FABIO PILLER COTTRER<br \/>\nProgetto Giovani CS Carabinieri<\/figcaption><\/figure>\n<figure class=\"gallery-item\">\n<div class=\"gallery-icon landscape\"><a href=\"https:\/\/www.fisifvg.org\/squadra-biathlon\/biathlon-2021-mattia-piller-hoffer-2\/\"><img loading=\"lazy\" decoding=\"async\" class=\"attachment-thumbnail size-thumbnail\" src=\"https:\/\/www.fisifvg.org\/wp-content\/uploads\/2020\/07\/BIATHLON-2021-Mattia-Piller-Hoffer.jpeg\" alt=\"\" width=\"300\" height=\"300\" aria-describedby=\"gallery-4-70062\" \/><\/a><\/div><figcaption id=\"gallery-4-70062\" class=\"wp-caption-text gallery-caption\">MATTIA PILLER HOFFER<br \/>\nProgetto Giovani CS Carabinieri<\/figcaption><\/figure>\n<figure class=\"gallery-item\">\n<div class=\"gallery-icon landscape\"><a href=\"https:\/\/www.fisifvg.org\/squadra-biathlon\/biathlon-2021-sara-scattolo-2\/\"><img loading=\"lazy\" decoding=\"async\" class=\"attachment-thumbnail size-thumbnail\" src=\"https:\/\/www.fisifvg.org\/wp-content\/uploads\/2020\/07\/BIATHLON-2021-Sara-Scattolo.jpeg\" alt=\"\" width=\"287\" height=\"287\" aria-describedby=\"gallery-4-70063\" \/><\/a><\/div><figcaption id=\"gallery-4-70063\" class=\"wp-caption-text gallery-caption\">SARA SCATTOLO<br \/>\nGS Fiamme Oro<br \/>\nSquadra nazionale Junior\/Giovani<\/figcaption><\/figure>\n<figure class=\"gallery-item\">\n<div class=\"gallery-icon landscape\"><a href=\"https:\/\/www.fisifvg.org\/squadra-biathlon\/biathlon-2021-ilaria-scattolo-2\/\"><img loading=\"lazy\" decoding=\"async\" class=\"attachment-thumbnail size-thumbnail\" src=\"https:\/\/www.fisifvg.org\/wp-content\/uploads\/2020\/07\/BIATHLON-2021-Ilaria-Scattolo.jpeg\" alt=\"\" width=\"259\" height=\"259\" aria-describedby=\"gallery-4-70061\" \/><\/a><\/div><figcaption id=\"gallery-4-70061\" class=\"wp-caption-text gallery-caption\">ILARIA SCATTOLO<br \/>\nGS Fiamme Oro<br \/>\nSquadra nazionale Junior\/Giovani<\/figcaption><\/figure>\n<\/div>\n<div id=\"gallery-4\" class=\"gallery galleryid-98 gallery-columns-4 gallery-size-thumbnail\"><\/div>\n<p>&nbsp;<\/p>\n<p><strong>IL COMUNICATO DELL&#8217;ORGANIZZAZIONE<\/strong><u><\/u><\/p>\n<p>In un periodo in cui annullamenti, rinvii, spostamenti di eventi sono all\u2019ordine del giorno, l\u2019annuncio di una nuova gara oltre che far piacere fa anche notizia.<br \/>\nGli instancabili dirigenti della ASD Martello, ormai un\u2019istituzione nel mondo del biathlon e non solo italiano, sono rimasti \u2018orfani\u2019 dei due appuntamenti internazionali a seguito del blocco voluto dalla IBU. A dicembre in Val Martello erano previste infatti una tappa di IBU Cup ed una di IBU Cup Junior, poi annullate a causa del Covid-19, ed ora ecco l\u2019annuncio che nel weekend del 12 e 13 dicembre allo stadio del biathlon altoatesino andranno in scena due prove sprint di Coppa Italia.<br \/>\nLa neve non manca: quella stivata con lo snow farming e quella prodotta con i cannoni in questi giorni hanno consentito di preparare gi\u00e0 2 km perfettamente tirati a lucido, ma si sta lavorando per allestire a breve anche la pista da 3,3 km.<br \/>\nUn\u2019occasione imperdibile per gli atleti italiani non impegnati in Coppa del Mondo, per mettersi in luce in vista sia della ripresa della IBU Cup di gennaio sia dei Campionati Mondiali Junior.<br \/>\nCos\u00ec dopo i tanti allenamenti di diverse squadre, quella italiana compresa, lo stadio del biathlon della Val Martello tra una decina di giorni ritorner\u00e0 a vivacizzarsi con la sfida tutta nazionale.<br \/>\n\u00c8 gi\u00e0 stato confermato il programma, con venerd\u00ec 11 ad ospitare gli allenamenti ufficiali in pista dalle 9 alle 11.30, poi sabato 12 dicembre dalle 9 alle 9.50 sono previste le prove di tiro, quindi alle 10 la partenza dei maschi e alle 13 quella delle femmine. Domenica il programma si ripete fedelmente. Le due gare sprint di Coppa Italia prevedono 3 giri di percorso per tutti, con un tiro a terra ed uno in piedi. Senior e junior maschi gareggeranno sulla pista da 3,3 km, al femminile invece tre giri sulla pista da 2,5 km per le senior e le junior, cos\u00ec come per la categoria \u2018giovani\u2019 maschile. Tre giri sulla pista da 2 km invece per la \u2018giovani\u2019 femminile e per le due categorie aspiranti m\/f. Decisamente un bel tour de force per gli organizzatori, che a partire da questo evento avranno un nuovo partner commerciale, Karpos, marchio di abbigliamento che vestir\u00e0 a breve tutto lo staff dei volontari.<br \/>\nLo stadio del biathlon della Val Martello torner\u00e0 poi ad essere teatro di gara il 20 febbraio, con una sprint di Coppa del Mondo di skialp, il giorno successivo gli atleti invece si sposteranno in quota per la gara individuale.<br \/>\nOvvio che tutto dovr\u00e0 svolgersi secondo i protocolli anti Covid, mascherine, igienizzazione, controllo temperatura e distanziamento sociale.<\/p>\n","protected":false},"excerpt":{"rendered":"<p>Sabato 12 e domenica 13 in Val Martello sono in programma due Sprint<\/p>\n","protected":false},"author":4,"featured_media":42976,"comment_status":"closed","ping_status":"closed","sticky":false,"template":"","format":"standard","meta":{"_acf_changed":false,"footnotes":""},"categories":[13,10],"tags":[],"acf":[],"_links":{"self":[{"href":"https:\/\/comitati.fisi.org\/friuli-venezia-giulia\/wp-json\/wp\/v2\/posts\/72024"}],"collection":[{"href":"https:\/\/comitati.fisi.org\/friuli-venezia-giulia\/wp-json\/wp\/v2\/posts"}],"about":[{"href":"https:\/\/comitati.fisi.org\/friuli-venezia-giulia\/wp-json\/wp\/v2\/types\/post"}],"author":[{"embeddable":true,"href":"https:\/\/comitati.fisi.org\/friuli-venezia-giulia\/wp-json\/wp\/v2\/users\/4"}],"replies":[{"embeddable":true,"href":"https:\/\/comitati.fisi.org\/friuli-venezia-giulia\/wp-json\/wp\/v2\/comments?post=72024"}],"version-history":[{"count":0,"href":"https:\/\/comitati.fisi.org\/friuli-venezia-giulia\/wp-json\/wp\/v2\/posts\/72024\/revisions"}],"wp:featuredmedia":[{"embeddable":true,"href":"https:\/\/comitati.fisi.org\/friuli-venezia-giulia\/wp-json\/wp\/v2\/media\/42976"}],"wp:attachment":[{"href":"https:\/\/comitati.fisi.org\/friuli-venezia-giulia\/wp-json\/wp\/v2\/media?parent=72024"}],"wp:term":[{"taxonomy":"category","embeddable":true,"href":"https:\/\/comitati.fisi.org\/friuli-venezia-giulia\/wp-json\/wp\/v2\/categories?post=72024"},{"taxonomy":"post_tag","embeddable":true,"href":"https:\/\/comitati.fisi.org\/friuli-venezia-giulia\/wp-json\/wp\/v2\/tags?post=72024"}],"curies":[{"name":"wp","href":"https:\/\/api.w.org\/{rel}","templated":true}]}}