{"id":72010,"date":"2020-12-07T08:32:32","date_gmt":"2020-12-07T07:32:32","guid":{"rendered":"https:\/\/www.fisifvg.org\/?p=72010"},"modified":"2020-12-07T08:32:32","modified_gmt":"2020-12-07T07:32:32","slug":"open-day-al-liceo-agonistico-per-gli-sport-invernali-bachmann-di-tarvisio","status":"publish","type":"post","link":"https:\/\/comitati.fisi.org\/friuli-venezia-giulia\/blog\/2020\/12\/07\/open-day-al-liceo-agonistico-per-gli-sport-invernali-bachmann-di-tarvisio\/","title":{"rendered":"Open Day al Liceo agonistico per gli sport invernali &#8220;Bachmann&#8221; di Tarvisio"},"content":{"rendered":"<p><em>Riceviamo dal<strong> Liceo per gli Sport Invernali &#8220;Bachmann&#8221; di Tarvisio<\/strong> e volentieri pubblichiamo.<br \/>\n<\/em><\/p>\n<p><em><br \/>\n<\/em>L&#8217;<strong>Open Day del Liceo per gli Sport Invernali &#8220;I.Bachmann&#8221; di Tarvisio <\/strong>si svolger\u00e0<strong> online<\/strong> e avr\u00e0 luogo<strong> venerd\u00ec 11 e luned\u00ec 14 dicembre 2020<\/strong>, in entrambi i casi alle ore 18.<br \/>\nPer iscriversi basta andare sul sito dello ski college (<a href=\"http:\/\/www.bachmanntarvisio.com\">www.bachmanntarvisio.com<\/a>) e compilare il form nella home page. Successivamente si ricever\u00e0 una email di conferma e il link per accedere all&#8217;evento virtuale.<\/p>\n<p>Il Liceo per gli Sport Invernali &#8220;I.Bachmann&#8221; di Tarvisio arriva al 21\u00ba anno di attivit\u00e0, sempre forte del suo grande obiettivo: conciliare l\u2019attivit\u00e0 sportiva di alto livello e un percorso didattico-formativo di qualit\u00e0, perch\u00e8 &#8220;Scuola e Sport allenano la Vita&#8221;.<\/p>\n<p>Il Liceo tarvisiano ha come focus primario quello di supportare la crescita degli studenti- atleti sotto il profilo didattico e sotto il profilo sportivo, perfezionando l\u2019offerta formativa e sfruttando la flessibilit\u00e0 didattica attraverso un percorso scolastico di livello, costruito attorno agli impegni agonistici dei ragazzi. Una scuola di questo tipo ha la fortuna di unire studenti-atleti con diverse provenienze nazionali e internazionali, contribuendo alla formazione interculturale per la futura carriera agonistica e professionale dei ragazzi.<\/p>\n<p><strong>Le peculiarit\u00e0 del percorso BCH<br \/>\n<\/strong><br \/>\n-Allenamenti e gare divengono parte integrante dell\u2019attivit\u00e0 didattica quindi niente pi\u00f9 giustificazioni o paure per le assenze (lezioni pomeridiane, concentrazione dei corsi in determinati periodi scolastici, dilatazione dell\u2019anno scolastico sul modello organizzativo universitario).<\/p>\n<p>-Strumenti educativi innovativi (percorsi formativi personalizzati, e-learning, lezioni a distanza durante il periodo di allenamento e gare, rapporto one-to-one tra studente e docente).<\/p>\n<p>-Staff tecnico di altissimo livello (preparatori atletici e allenatori federali con esperienze nazionali e internazionali).<\/p>\n<p>-Contesto scolastico di ridotte dimensioni in cui monitorare giorno dopo giorno la crescita di ogni studente-atleta.<\/p>\n<p>-Ambiente scolastico \u201csenza confini\u201d in cui \u201crespirare\u201d un&#8217;aria di interculturalit\u00e0 ed internazionalit\u00e0 fondamentale per la futura carriera agonistica e professionale dei ragazzi.<\/p>\n<p><em><strong>(in copertina una foto di gruppo relativa all&#8217;anno scolastico 2019-2020)<\/strong><\/em><\/p>\n","protected":false},"excerpt":{"rendered":"<p>Appuntanento venerd\u00ec 11 e luned\u00ec 14 dicembre, in entrambi i casi alle ore 18<\/p>\n","protected":false},"author":4,"featured_media":72012,"comment_status":"closed","ping_status":"closed","sticky":false,"template":"","format":"standard","meta":{"_acf_changed":false,"footnotes":""},"categories":[10,17],"tags":[],"acf":[],"_links":{"self":[{"href":"https:\/\/comitati.fisi.org\/friuli-venezia-giulia\/wp-json\/wp\/v2\/posts\/72010"}],"collection":[{"href":"https:\/\/comitati.fisi.org\/friuli-venezia-giulia\/wp-json\/wp\/v2\/posts"}],"about":[{"href":"https:\/\/comitati.fisi.org\/friuli-venezia-giulia\/wp-json\/wp\/v2\/types\/post"}],"author":[{"embeddable":true,"href":"https:\/\/comitati.fisi.org\/friuli-venezia-giulia\/wp-json\/wp\/v2\/users\/4"}],"replies":[{"embeddable":true,"href":"https:\/\/comitati.fisi.org\/friuli-venezia-giulia\/wp-json\/wp\/v2\/comments?post=72010"}],"version-history":[{"count":0,"href":"https:\/\/comitati.fisi.org\/friuli-venezia-giulia\/wp-json\/wp\/v2\/posts\/72010\/revisions"}],"wp:featuredmedia":[{"embeddable":true,"href":"https:\/\/comitati.fisi.org\/friuli-venezia-giulia\/wp-json\/wp\/v2\/media\/72012"}],"wp:attachment":[{"href":"https:\/\/comitati.fisi.org\/friuli-venezia-giulia\/wp-json\/wp\/v2\/media?parent=72010"}],"wp:term":[{"taxonomy":"category","embeddable":true,"href":"https:\/\/comitati.fisi.org\/friuli-venezia-giulia\/wp-json\/wp\/v2\/categories?post=72010"},{"taxonomy":"post_tag","embeddable":true,"href":"https:\/\/comitati.fisi.org\/friuli-venezia-giulia\/wp-json\/wp\/v2\/tags?post=72010"}],"curies":[{"name":"wp","href":"https:\/\/api.w.org\/{rel}","templated":true}]}}