{"id":71941,"date":"2020-12-03T23:21:34","date_gmt":"2020-12-03T22:21:34","guid":{"rendered":"https:\/\/www.fisifvg.org\/?p=71941"},"modified":"2020-12-03T23:21:34","modified_gmt":"2020-12-03T22:21:34","slug":"roda-il-nuovo-dpcm-contro-lo-sci-e-la-montagna","status":"publish","type":"post","link":"https:\/\/comitati.fisi.org\/friuli-venezia-giulia\/blog\/2020\/12\/03\/roda-il-nuovo-dpcm-contro-lo-sci-e-la-montagna\/","title":{"rendered":"Roda: \u00abIl nuovo Dpcm contro lo sci e la montagna\u00bb"},"content":{"rendered":"<p>\u201cLe misure del nuovo Dpcm non tengono in nessun conto il mondo della montagna e degli sport invernali &#8211; ha detto il Presidente della Fisi, Flavio Roda, commentando il nuovo Dpcm-. Non c\u2019\u00e8 confronto, manca la conoscenza di base del mondo della montagna, che ha nel suo dna il rispetto delle regole. Sembra che tutto il contagio possa venire dal mondo dello sci, che \u00e8 chiuso senza un vero motivo\u201d.<\/p>\n<p>\u201cNoi facciamo attivit\u00e0 sportiva, seguendo protocolli molto rigidi e nel rispetto delle regole &#8211; ha proseguito Roda -. Il nostro \u00e8 l\u2019unico sport che richiede il massimo rispetto delle normative in tutta Europa. E che rappresenta il traino per il turismo invernale, che genera un indotto enorme. Ma non c\u2019\u00e8 rispetto. Non veniamo nemmeno presi in considerazione. Chi ama lo sci e lo vorrebbe praticare deve restare a casa, gli impiantisti devono tenere chiuso, gli atleti di alto livello devono fare miracoli per riuscire ad allenarsi. Per loro \u00e8 un lavoro, ma non sembra sia considerato\u201d.<\/p>\n<p>\u201cQual \u00e8 il senso di tutto ci\u00f2? &#8211; chiede Roda al Governo &#8211; Penso che le autorit\u00e0 dovrebbero avere pi\u00f9 rispetto del mondo della montagna e di quello che significa per l\u2019Italia. Questo Dpcm dimostra solo ignoranza sulla materia\u201d.<\/p>\n","protected":false},"excerpt":{"rendered":"<p>&#8220;Il Governo manca di capacit\u00e0 di ascolto&#8221;, aggiunge il presidente della FISI <\/p>\n","protected":false},"author":4,"featured_media":32759,"comment_status":"closed","ping_status":"closed","sticky":false,"template":"","format":"standard","meta":{"_acf_changed":false,"footnotes":""},"categories":[21,10,17],"tags":[],"acf":[],"_links":{"self":[{"href":"https:\/\/comitati.fisi.org\/friuli-venezia-giulia\/wp-json\/wp\/v2\/posts\/71941"}],"collection":[{"href":"https:\/\/comitati.fisi.org\/friuli-venezia-giulia\/wp-json\/wp\/v2\/posts"}],"about":[{"href":"https:\/\/comitati.fisi.org\/friuli-venezia-giulia\/wp-json\/wp\/v2\/types\/post"}],"author":[{"embeddable":true,"href":"https:\/\/comitati.fisi.org\/friuli-venezia-giulia\/wp-json\/wp\/v2\/users\/4"}],"replies":[{"embeddable":true,"href":"https:\/\/comitati.fisi.org\/friuli-venezia-giulia\/wp-json\/wp\/v2\/comments?post=71941"}],"version-history":[{"count":0,"href":"https:\/\/comitati.fisi.org\/friuli-venezia-giulia\/wp-json\/wp\/v2\/posts\/71941\/revisions"}],"wp:featuredmedia":[{"embeddable":true,"href":"https:\/\/comitati.fisi.org\/friuli-venezia-giulia\/wp-json\/wp\/v2\/media\/32759"}],"wp:attachment":[{"href":"https:\/\/comitati.fisi.org\/friuli-venezia-giulia\/wp-json\/wp\/v2\/media?parent=71941"}],"wp:term":[{"taxonomy":"category","embeddable":true,"href":"https:\/\/comitati.fisi.org\/friuli-venezia-giulia\/wp-json\/wp\/v2\/categories?post=71941"},{"taxonomy":"post_tag","embeddable":true,"href":"https:\/\/comitati.fisi.org\/friuli-venezia-giulia\/wp-json\/wp\/v2\/tags?post=71941"}],"curies":[{"name":"wp","href":"https:\/\/api.w.org\/{rel}","templated":true}]}}