{"id":71877,"date":"2020-12-01T09:24:36","date_gmt":"2020-12-01T08:24:36","guid":{"rendered":"https:\/\/www.fisifvg.org\/?p=71877"},"modified":"2020-12-01T09:24:36","modified_gmt":"2020-12-01T08:24:36","slug":"emanuele-buzzi-prepara-a-solda-lesordio-stagionale-in-coppa-del-mondo","status":"publish","type":"post","link":"https:\/\/comitati.fisi.org\/friuli-venezia-giulia\/blog\/2020\/12\/01\/emanuele-buzzi-prepara-a-solda-lesordio-stagionale-in-coppa-del-mondo\/","title":{"rendered":"Emanuele Buzzi prepara a Solda l&#8217;esordio stagionale in Coppa del Mondo"},"content":{"rendered":"<p>Il gruppo di Coppa del mondo maschile della velocit\u00e0 \u00e8 stato convocato dal direttore sportivo Max Rinaldi per il raduno che si terr\u00e0 sulla pista di Solda (Bz) da marted\u00ec 1 a sabato 5 dicembre con Christof Innerhofer, Dominik Paris, Matteo Marsaglia, <strong>Emanuele Buzzi <\/strong><em><strong>(nella foto)<\/strong><\/em>e Alexander Prast, con il direttore tecnico Alberto Ghidoni e gli allenatori Christian Corradino, Raimund Plancker, Michael Gufler e Walter Ronconi.<\/p>\n<p>Intanto disco verde per la tappa di Coppa del mondo maschile sulla pista Oreiller-Killy di Val d&#8217;Is\u00e8re in programma sabato 12 e domenica 13 dicembre con una discesa e un supergigante, entrambe le gare alle ore 10.30. L&#8217;ok alle competizioni \u00e8 arrivato al termine del sopralluogo efettuato dalla Federazione Internazionale. Il programma prevede due allenamenti ufficiali gioved\u00ec 10 e venerd\u00ec 11 dicembre. Ricordiamo che sulla stessa pista si corrono nel fine settimana successivo anche le prove femminili, con discesa sabato 19 dicembre e supergigante domenica 20 dicembre.<\/p>\n","protected":false},"excerpt":{"rendered":"<p>Il gruppo di Coppa del mondo maschile della velocit\u00e0 \u00e8 stato convocato dal direttore sportivo Max Rinaldi per il raduno che si terr\u00e0 fino a sabato 5 dicembre<\/p>\n","protected":false},"author":4,"featured_media":71878,"comment_status":"closed","ping_status":"closed","sticky":false,"template":"","format":"standard","meta":{"_acf_changed":false,"footnotes":""},"categories":[10,15],"tags":[],"acf":[],"_links":{"self":[{"href":"https:\/\/comitati.fisi.org\/friuli-venezia-giulia\/wp-json\/wp\/v2\/posts\/71877"}],"collection":[{"href":"https:\/\/comitati.fisi.org\/friuli-venezia-giulia\/wp-json\/wp\/v2\/posts"}],"about":[{"href":"https:\/\/comitati.fisi.org\/friuli-venezia-giulia\/wp-json\/wp\/v2\/types\/post"}],"author":[{"embeddable":true,"href":"https:\/\/comitati.fisi.org\/friuli-venezia-giulia\/wp-json\/wp\/v2\/users\/4"}],"replies":[{"embeddable":true,"href":"https:\/\/comitati.fisi.org\/friuli-venezia-giulia\/wp-json\/wp\/v2\/comments?post=71877"}],"version-history":[{"count":0,"href":"https:\/\/comitati.fisi.org\/friuli-venezia-giulia\/wp-json\/wp\/v2\/posts\/71877\/revisions"}],"wp:featuredmedia":[{"embeddable":true,"href":"https:\/\/comitati.fisi.org\/friuli-venezia-giulia\/wp-json\/wp\/v2\/media\/71878"}],"wp:attachment":[{"href":"https:\/\/comitati.fisi.org\/friuli-venezia-giulia\/wp-json\/wp\/v2\/media?parent=71877"}],"wp:term":[{"taxonomy":"category","embeddable":true,"href":"https:\/\/comitati.fisi.org\/friuli-venezia-giulia\/wp-json\/wp\/v2\/categories?post=71877"},{"taxonomy":"post_tag","embeddable":true,"href":"https:\/\/comitati.fisi.org\/friuli-venezia-giulia\/wp-json\/wp\/v2\/tags?post=71877"}],"curies":[{"name":"wp","href":"https:\/\/api.w.org\/{rel}","templated":true}]}}