{"id":71855,"date":"2020-11-30T08:01:53","date_gmt":"2020-11-30T07:01:53","guid":{"rendered":"https:\/\/www.fisifvg.org\/?p=71855"},"modified":"2020-11-30T08:01:53","modified_gmt":"2020-11-30T07:01:53","slug":"le-squadre-regionali-di-fondo-si-allenano-a-forni-avoltri","status":"publish","type":"post","link":"https:\/\/comitati.fisi.org\/friuli-venezia-giulia\/blog\/2020\/11\/30\/le-squadre-regionali-di-fondo-si-allenano-a-forni-avoltri\/","title":{"rendered":"Le squadre regionali di fondo si allenano a Forni Avoltri"},"content":{"rendered":"<p>Tempo di raduni per le squadre regionali di fondo.<\/p>\n<p>Il Gruppo EYOF effettuer\u00e0 due pomeriggi di allenamento oggi e mercoled\u00ec 2 dicembre presso la Carnia Arena di Forni Avoltri.<\/p>\n<p>Inoltre lo stesso Gruppo EYOF e la squadra di Comitato si alleneranno, sempre nella struttura di Piani di Luzza, da venerd\u00ec 4 a marted\u00ec 8 dicembre. In questa occasione \u00e8 previsto domenica 6 un test in tecnica classica.<\/p>\n","protected":false},"excerpt":{"rendered":"<p>Domenica 6 dicembre \u00e8 previsto anche un test in tecnica classica<\/p>\n","protected":false},"author":4,"featured_media":33771,"comment_status":"closed","ping_status":"closed","sticky":false,"template":"","format":"standard","meta":{"_acf_changed":false,"footnotes":""},"categories":[10,11],"tags":[],"acf":[],"_links":{"self":[{"href":"https:\/\/comitati.fisi.org\/friuli-venezia-giulia\/wp-json\/wp\/v2\/posts\/71855"}],"collection":[{"href":"https:\/\/comitati.fisi.org\/friuli-venezia-giulia\/wp-json\/wp\/v2\/posts"}],"about":[{"href":"https:\/\/comitati.fisi.org\/friuli-venezia-giulia\/wp-json\/wp\/v2\/types\/post"}],"author":[{"embeddable":true,"href":"https:\/\/comitati.fisi.org\/friuli-venezia-giulia\/wp-json\/wp\/v2\/users\/4"}],"replies":[{"embeddable":true,"href":"https:\/\/comitati.fisi.org\/friuli-venezia-giulia\/wp-json\/wp\/v2\/comments?post=71855"}],"version-history":[{"count":0,"href":"https:\/\/comitati.fisi.org\/friuli-venezia-giulia\/wp-json\/wp\/v2\/posts\/71855\/revisions"}],"wp:featuredmedia":[{"embeddable":true,"href":"https:\/\/comitati.fisi.org\/friuli-venezia-giulia\/wp-json\/wp\/v2\/media\/33771"}],"wp:attachment":[{"href":"https:\/\/comitati.fisi.org\/friuli-venezia-giulia\/wp-json\/wp\/v2\/media?parent=71855"}],"wp:term":[{"taxonomy":"category","embeddable":true,"href":"https:\/\/comitati.fisi.org\/friuli-venezia-giulia\/wp-json\/wp\/v2\/categories?post=71855"},{"taxonomy":"post_tag","embeddable":true,"href":"https:\/\/comitati.fisi.org\/friuli-venezia-giulia\/wp-json\/wp\/v2\/tags?post=71855"}],"curies":[{"name":"wp","href":"https:\/\/api.w.org\/{rel}","templated":true}]}}