{"id":71838,"date":"2020-11-29T15:33:22","date_gmt":"2020-11-29T14:33:22","guid":{"rendered":"https:\/\/www.fisifvg.org\/?p=71838"},"modified":"2020-11-29T15:33:22","modified_gmt":"2020-11-29T14:33:22","slug":"buzzi-bissa-il-29-di-ieri-nella-coppa-del-mondo-di-combinata","status":"publish","type":"post","link":"https:\/\/comitati.fisi.org\/friuli-venezia-giulia\/blog\/2020\/11\/29\/buzzi-bissa-il-29-di-ieri-nella-coppa-del-mondo-di-combinata\/","title":{"rendered":"Buzzi bissa il 29\u00b0 di ieri nella Coppa del Mondo di combinata"},"content":{"rendered":"<p><strong>Raffaele Buzzi<\/strong> conquista per il secondo giorno consecutivo punti di <strong>Coppa del Mondo di combinata nordica<\/strong> ottenendo la 29a posizione, la stessa di ieri, nella terza e ultima gara del lungo week-end di Ruka, in Finlandia.<\/p>\n<p>In mattinata il forte vento aveva impedito la disputa del salto e cos\u00ec \u00e8 stato preso in considerazione il Provisional Competition Round disputato gioved\u00ec, che aveva visto il tarvisiano in 37a posizione a 3&#8217;48&#8221; dal leader, il tedesco Faisst, e a mezzo minuto dal trentesimo posto, ultimo utile per assegnare punti. Da sottolineare che gioved\u00ec il numero 1 indiscusso del circuito Jarl Magnus Riiber era stato squalificato per tuta irregolare, di conseguenza oggi non ha potuto gareggiare.<\/p>\n<p>Nella 10 km di fondo Buzzi ha recuperato otto posizioni, chiudendo a 3&#8217;27&#8221; dal vincitore, il norvegese Oftebro. Primo degli azzurri anche oggi Samuel Costa, 21\u00b0.<\/p>\n<p><a href=\"https:\/\/www.fis-ski.com\/DB\/general\/results.html?sectorcode=NK&amp;raceid=2562\">CLASSIFICA<\/a><\/p>\n","protected":false},"excerpt":{"rendered":"<p>A Ruka il tarvisiano effettua un&#8217;altra bella rimonta<\/p>\n","protected":false},"author":4,"featured_media":71839,"comment_status":"closed","ping_status":"closed","sticky":false,"template":"","format":"standard","meta":{"_acf_changed":false,"footnotes":""},"categories":[14,10],"tags":[],"acf":[],"_links":{"self":[{"href":"https:\/\/comitati.fisi.org\/friuli-venezia-giulia\/wp-json\/wp\/v2\/posts\/71838"}],"collection":[{"href":"https:\/\/comitati.fisi.org\/friuli-venezia-giulia\/wp-json\/wp\/v2\/posts"}],"about":[{"href":"https:\/\/comitati.fisi.org\/friuli-venezia-giulia\/wp-json\/wp\/v2\/types\/post"}],"author":[{"embeddable":true,"href":"https:\/\/comitati.fisi.org\/friuli-venezia-giulia\/wp-json\/wp\/v2\/users\/4"}],"replies":[{"embeddable":true,"href":"https:\/\/comitati.fisi.org\/friuli-venezia-giulia\/wp-json\/wp\/v2\/comments?post=71838"}],"version-history":[{"count":0,"href":"https:\/\/comitati.fisi.org\/friuli-venezia-giulia\/wp-json\/wp\/v2\/posts\/71838\/revisions"}],"wp:featuredmedia":[{"embeddable":true,"href":"https:\/\/comitati.fisi.org\/friuli-venezia-giulia\/wp-json\/wp\/v2\/media\/71839"}],"wp:attachment":[{"href":"https:\/\/comitati.fisi.org\/friuli-venezia-giulia\/wp-json\/wp\/v2\/media?parent=71838"}],"wp:term":[{"taxonomy":"category","embeddable":true,"href":"https:\/\/comitati.fisi.org\/friuli-venezia-giulia\/wp-json\/wp\/v2\/categories?post=71838"},{"taxonomy":"post_tag","embeddable":true,"href":"https:\/\/comitati.fisi.org\/friuli-venezia-giulia\/wp-json\/wp\/v2\/tags?post=71838"}],"curies":[{"name":"wp","href":"https:\/\/api.w.org\/{rel}","templated":true}]}}