{"id":71752,"date":"2020-11-24T14:17:27","date_gmt":"2020-11-24T13:17:27","guid":{"rendered":"https:\/\/www.fisifvg.org\/?p=71752"},"modified":"2020-11-24T14:17:27","modified_gmt":"2020-11-24T13:17:27","slug":"lara-della-mea-al-via-del-parallelo-di-coppa-del-mondo-di-lech","status":"publish","type":"post","link":"https:\/\/comitati.fisi.org\/friuli-venezia-giulia\/blog\/2020\/11\/24\/lara-della-mea-al-via-del-parallelo-di-coppa-del-mondo-di-lech\/","title":{"rendered":"Lara Della Mea al via del parallelo di Coppa del Mondo di Lech"},"content":{"rendered":"<p>Gioved\u00ec 26 e venerd\u00ec 27 novembre la Coppa del Mondo di sci alpino propone il secondo appuntamento stagionale dopo l&#8217;opening di Soelden, con un parallelo femminile e maschile sulla pista austriaca di Lech, l&#8217;unico previsto dopo i cambiamenti di date recentemente apportati dalla Federazione Internazionale a causa del Covid-19. L&#8217;altro parallelo rimasto in calendario \u00e8 infatti fissato per i Mondiali di Cortina, mentre le finali di Lenzerheide in marzo ospiteranno solamente un parallelo a squadre.<\/p>\n<p>Il regolamento prevede che vengano utilizzati sci da gigante, con una distanza fra una porta e l&#8217;altra variabile dai 16 ai 20 metri. Le qualificazioni sono previste sulla distanza di due run (una sulla corsia rossa, l&#8217;altra sulla corsia blu), la cui somma di tempi determiner\u00e0 la classifica che premier\u00e0 alla fase successiva i migliori 16 tempi (contrariamente all&#8217;anno scorso, dove venivano promossi i migliori 32 classificati). In caso di uscita in una delle run, il concorrente sar\u00e0 eliminato automaticamente.<\/p>\n<p>I sedici promossi verranno posizionati in un tabellone tennistico (il tempo pi\u00f9 basso garegger\u00e0 contro il tempo pi\u00f9 alto e cos\u00ec via). Novit\u00e0 anche per la fase ad eliminazione diretta: ottavi di finale, quarti di finale, semifinali e finali saranno disputati sempre su due run, con i concorrenti a scambiarsi le corsie fra una manche e l&#8217;altra. Il tempo totale pi\u00f9 basso acceder\u00e0 al turno successivo, in caso di uscita nella prima run delle due run, il concorrente prender\u00e0 0&#8243;50 di penalit\u00e0. Il distacco massimo applicabile al termine della prima run sar\u00e0 di 0&#8243;50. Nella seconda run i cancelletti si apriranno con il distacco accumulato nella prima run, in maniera tale che il primo concorrente a tagliare il traguardo, sar\u00e0 quello che avanzer\u00e0 al turno successivo.<\/p>\n<p>Gli eliminati negli ottavi parteciperanno al tabellone dal 9\u00b0 al 16\u00b0 posto, chi uscir\u00e0 nei quarti concorrer\u00e0 per il 5\u00b0-8\u00b0 posto, infine i punti di fine gara verranno assegnati con la consueta modalit\u00e0 (100 al vincitore, 80 al secondo e cos\u00ec via fino a 1 punto per il 30simo) e varranno naturalmente per la classifica generale di Coppa del mondo, ma non per quella di specialit\u00e0. Se non \u00e8 previsto alcun parallelo per il resto della stagione in Coppa del mondo, non altrettanto si pu\u00f2 dire per i Mondiali di Cortina 2021, dove il format sar\u00e0 presente sia nella gara individuale che in quella a squadre, in cui l&#8217;Italia ha conquistato il bronzo ad Are 2019.<\/p>\n<p>L&#8217;Italia si presenter\u00e0 alle qualificazioni della gara femminile di gioved\u00ec (al via alle ore 10, mentre le finali sono previste alle ore 17.45, con diretta televisiva su Raisport ed Eurosport) con Marta Bassino, Federica Brignone, Nicol Delago, <strong>Lara Della Mea<em> (nella foto)<\/em><\/strong><em>,<\/em> Sofia Goggia, Roberta Melesi, Laura Pirovano e Marta Rossetti. Venerd\u00ec invece toccher\u00e0 agli uomini (qualificazioni alle ore 10.00, finali alle ore 17.50) con Luca De Aliprandini, Giovanni Borsotti, Roberto Nani e Hannes Zingerle).<\/p>\n","protected":false},"excerpt":{"rendered":"<p>Il regolamento prevede che vengano utilizzati sci da gigante, con una distanza fra una porta e l&#8217;altra variabile dai 16 ai 20 metri<\/p>\n","protected":false},"author":4,"featured_media":71727,"comment_status":"closed","ping_status":"closed","sticky":false,"template":"","format":"standard","meta":{"_acf_changed":false,"footnotes":""},"categories":[10,15],"tags":[],"acf":[],"_links":{"self":[{"href":"https:\/\/comitati.fisi.org\/friuli-venezia-giulia\/wp-json\/wp\/v2\/posts\/71752"}],"collection":[{"href":"https:\/\/comitati.fisi.org\/friuli-venezia-giulia\/wp-json\/wp\/v2\/posts"}],"about":[{"href":"https:\/\/comitati.fisi.org\/friuli-venezia-giulia\/wp-json\/wp\/v2\/types\/post"}],"author":[{"embeddable":true,"href":"https:\/\/comitati.fisi.org\/friuli-venezia-giulia\/wp-json\/wp\/v2\/users\/4"}],"replies":[{"embeddable":true,"href":"https:\/\/comitati.fisi.org\/friuli-venezia-giulia\/wp-json\/wp\/v2\/comments?post=71752"}],"version-history":[{"count":0,"href":"https:\/\/comitati.fisi.org\/friuli-venezia-giulia\/wp-json\/wp\/v2\/posts\/71752\/revisions"}],"wp:featuredmedia":[{"embeddable":true,"href":"https:\/\/comitati.fisi.org\/friuli-venezia-giulia\/wp-json\/wp\/v2\/media\/71727"}],"wp:attachment":[{"href":"https:\/\/comitati.fisi.org\/friuli-venezia-giulia\/wp-json\/wp\/v2\/media?parent=71752"}],"wp:term":[{"taxonomy":"category","embeddable":true,"href":"https:\/\/comitati.fisi.org\/friuli-venezia-giulia\/wp-json\/wp\/v2\/categories?post=71752"},{"taxonomy":"post_tag","embeddable":true,"href":"https:\/\/comitati.fisi.org\/friuli-venezia-giulia\/wp-json\/wp\/v2\/tags?post=71752"}],"curies":[{"name":"wp","href":"https:\/\/api.w.org\/{rel}","templated":true}]}}