{"id":71688,"date":"2020-11-21T12:23:05","date_gmt":"2020-11-21T11:23:05","guid":{"rendered":"https:\/\/www.fisifvg.org\/?p=71688"},"modified":"2020-11-21T12:23:05","modified_gmt":"2020-11-21T11:23:05","slug":"raffaele-buzzi-convocato-per-la-prima-tappa-della-coppa-del-mondo-di-combinata","status":"publish","type":"post","link":"https:\/\/comitati.fisi.org\/friuli-venezia-giulia\/blog\/2020\/11\/21\/raffaele-buzzi-convocato-per-la-prima-tappa-della-coppa-del-mondo-di-combinata\/","title":{"rendered":"Raffaele Buzzi convocato per la prima tappa della Coppa del Mondo di combinata"},"content":{"rendered":"<p>Samuel Costa, Aaron Kostner (al rientro sul circuito dopo quasi un anno di assenza per infortunio),<strong> Raffaele Buzzi <em>(nella foto)<\/em><\/strong> e Giulio Bezzi sono i quattro convocati dal direttore tecnico Federico Rigoni per la prima tappa di <strong>Coppa del mondo di combinata nordica<\/strong> prevista a Ruka, dove si svolger\u00e0 da venerd\u00ec 27 a domenica 29 (con Provisional Competition Round fissato per gioved\u00ec 26 novembre) il &#8220;Ruka Nordic&#8221;, tre Gundersen consecutive ad eliminazione dal trampolino grande. Non ci sar\u00e0 invece <strong>Alessandro Pittin.<\/strong> Il quartetto partir\u00e0 per la Finlandia domenica 22 novembre, dopo avere completato una due giorni di allenamento sul trampolino di Innsbruck. La spedizione sar\u00e0 guidata dall&#8217;allenatore responsabile Danny Winckelmann e dai tecnici Michele Giuliani, Luca Rigoni e Andrea Bezzi.<\/p>\n","protected":false},"excerpt":{"rendered":"<p>Il quartetto partir\u00e0 per la Finlandia domenica 22 dopo avere completato una due giorni di allenamento sul trampolino di Innsbruck<\/p>\n","protected":false},"author":4,"featured_media":71689,"comment_status":"closed","ping_status":"closed","sticky":false,"template":"","format":"standard","meta":{"_acf_changed":false,"footnotes":""},"categories":[14,10],"tags":[],"acf":[],"_links":{"self":[{"href":"https:\/\/comitati.fisi.org\/friuli-venezia-giulia\/wp-json\/wp\/v2\/posts\/71688"}],"collection":[{"href":"https:\/\/comitati.fisi.org\/friuli-venezia-giulia\/wp-json\/wp\/v2\/posts"}],"about":[{"href":"https:\/\/comitati.fisi.org\/friuli-venezia-giulia\/wp-json\/wp\/v2\/types\/post"}],"author":[{"embeddable":true,"href":"https:\/\/comitati.fisi.org\/friuli-venezia-giulia\/wp-json\/wp\/v2\/users\/4"}],"replies":[{"embeddable":true,"href":"https:\/\/comitati.fisi.org\/friuli-venezia-giulia\/wp-json\/wp\/v2\/comments?post=71688"}],"version-history":[{"count":0,"href":"https:\/\/comitati.fisi.org\/friuli-venezia-giulia\/wp-json\/wp\/v2\/posts\/71688\/revisions"}],"wp:featuredmedia":[{"embeddable":true,"href":"https:\/\/comitati.fisi.org\/friuli-venezia-giulia\/wp-json\/wp\/v2\/media\/71689"}],"wp:attachment":[{"href":"https:\/\/comitati.fisi.org\/friuli-venezia-giulia\/wp-json\/wp\/v2\/media?parent=71688"}],"wp:term":[{"taxonomy":"category","embeddable":true,"href":"https:\/\/comitati.fisi.org\/friuli-venezia-giulia\/wp-json\/wp\/v2\/categories?post=71688"},{"taxonomy":"post_tag","embeddable":true,"href":"https:\/\/comitati.fisi.org\/friuli-venezia-giulia\/wp-json\/wp\/v2\/tags?post=71688"}],"curies":[{"name":"wp","href":"https:\/\/api.w.org\/{rel}","templated":true}]}}