{"id":71669,"date":"2020-11-20T13:45:25","date_gmt":"2020-11-20T12:45:25","guid":{"rendered":"https:\/\/www.fisifvg.org\/?p=71669"},"modified":"2020-11-20T13:45:25","modified_gmt":"2020-11-20T12:45:25","slug":"lara-della-mea-pronta-per-gli-slalom-di-levi-ce-tanta-voglia-di-fare-bene","status":"publish","type":"post","link":"https:\/\/comitati.fisi.org\/friuli-venezia-giulia\/blog\/2020\/11\/20\/lara-della-mea-pronta-per-gli-slalom-di-levi-ce-tanta-voglia-di-fare-bene\/","title":{"rendered":"Lara Della Mea pronta per gli slalom di Levi: \u00abC&#8217;\u00e8 tanta voglia di fare bene\u00bb"},"content":{"rendered":"<p>Il vento ha posticipato di un paio d&#8217;ore la sciata in pista delle protagoniste dei primi due slalom femminili di Coppa del mondo in programma sabato 21 e domenica 22 sulla pista di Levi, in Finlandia (ore 10.15 prima manche, ore 13.15 la seconda in entrambe le giornate con diretta tv su Raisport ed Eurosport).<\/p>\n<p>Il tracciato di gara \u00e8 stato barrato nei giorni scorsi, la neve \u00e8 dura ma non ghiacciata, le previsioni parlano di tempo favorevole nella giornata di sabato e di qualche probabile fiocco di neve per il secondo appuntamento.<\/p>\n<p>Confermata l&#8217;assenza della squadra svedese, in quarantena obbligatoria causa Covid, torna in pista Mikaela Shiffrin dopo un&#8217;assenza di 300 giorni. Sette le azzurre iscritte, fra le quali la tarvisiana<strong> Lara Della Mea <em>(nella foto),<\/em><\/strong> che dice: <em>&#8220;Nel gigante di Soelden non ce l&#8217;ho fatta a qualificarmi per la seconda manche, qui l&#8217;obiettivo \u00e8 riuscirci. Il blocco dell&#8217;attivit\u00e0 ci ha costretto a saltare praticamente tutta l&#8217;ultima parte della passata stagione, ora c&#8217;\u00e8 voglia in tutte noi di fare una bella prestazione&#8221;.<\/em><\/p>\n<p>Sotto la start list, con Lara che avr\u00e0 il<strong> pettorale 38<\/strong>.<\/p>\n<p><a href=\"http:\/\/comitati.fisi.org\/friuli-venezia-giulia\/wp-content\/uploads\/sites\/34\/2020\/11\/C51A-Start-List-Run-1_FIS2021AL5026SLR1.pdf\">Start List<\/a><em><br \/>\n<\/em><\/p>\n","protected":false},"excerpt":{"rendered":"<p>Il vento ha posticipato di un paio d&#8217;ore la sciata in pista delle protagoniste dei primi due slalom femminili di Coppa del mondo in programma sabato 21 e domenica 22<\/p>\n","protected":false},"author":4,"featured_media":71670,"comment_status":"closed","ping_status":"closed","sticky":false,"template":"","format":"standard","meta":{"_acf_changed":false,"footnotes":""},"categories":[15],"tags":[],"acf":[],"_links":{"self":[{"href":"https:\/\/comitati.fisi.org\/friuli-venezia-giulia\/wp-json\/wp\/v2\/posts\/71669"}],"collection":[{"href":"https:\/\/comitati.fisi.org\/friuli-venezia-giulia\/wp-json\/wp\/v2\/posts"}],"about":[{"href":"https:\/\/comitati.fisi.org\/friuli-venezia-giulia\/wp-json\/wp\/v2\/types\/post"}],"author":[{"embeddable":true,"href":"https:\/\/comitati.fisi.org\/friuli-venezia-giulia\/wp-json\/wp\/v2\/users\/4"}],"replies":[{"embeddable":true,"href":"https:\/\/comitati.fisi.org\/friuli-venezia-giulia\/wp-json\/wp\/v2\/comments?post=71669"}],"version-history":[{"count":0,"href":"https:\/\/comitati.fisi.org\/friuli-venezia-giulia\/wp-json\/wp\/v2\/posts\/71669\/revisions"}],"wp:featuredmedia":[{"embeddable":true,"href":"https:\/\/comitati.fisi.org\/friuli-venezia-giulia\/wp-json\/wp\/v2\/media\/71670"}],"wp:attachment":[{"href":"https:\/\/comitati.fisi.org\/friuli-venezia-giulia\/wp-json\/wp\/v2\/media?parent=71669"}],"wp:term":[{"taxonomy":"category","embeddable":true,"href":"https:\/\/comitati.fisi.org\/friuli-venezia-giulia\/wp-json\/wp\/v2\/categories?post=71669"},{"taxonomy":"post_tag","embeddable":true,"href":"https:\/\/comitati.fisi.org\/friuli-venezia-giulia\/wp-json\/wp\/v2\/tags?post=71669"}],"curies":[{"name":"wp","href":"https:\/\/api.w.org\/{rel}","templated":true}]}}