{"id":71660,"date":"2020-11-19T16:41:59","date_gmt":"2020-11-19T15:41:59","guid":{"rendered":"https:\/\/www.fisifvg.org\/?p=71660"},"modified":"2020-11-19T16:41:59","modified_gmt":"2020-11-19T15:41:59","slug":"per-hans-vaccari-allenamenti-in-azzurro-a-solda","status":"publish","type":"post","link":"https:\/\/comitati.fisi.org\/friuli-venezia-giulia\/blog\/2020\/11\/19\/per-hans-vaccari-allenamenti-in-azzurro-a-solda\/","title":{"rendered":"Per Hans Vaccari allenamenti in azzurro a Solda"},"content":{"rendered":"<p>Il direttore tecnico dello sci alpino giovanile nazionale Massimo Carca ha convocato quattro atlete del gruppo femminile di Coppa Europa per il raduno che si terr\u00e0 a Solda (Bz) da venerd\u00ec 20 a mercoled\u00ec 25 novembre: si tratta di Ilaria Ghisalberti, Vera Tschurtschenthaler, Anita Gulli e Petra Unterholzner, accompagnate dall&#8217;allenatore responsabile Damiano Scolari e dal tecnico Cesare Prati.<\/p>\n<p>In contemporanea saranno presenti anche i colleghi della squadra maschile con Pietro Canzio, Giovanni Franzoni, Tommaso Saccardi, Simon Talacci, Giulio Zuccarini, Giovanni Zazzaro, Francesco Gori e <strong>Hans Vaccari<em> (nella foto),<\/em><\/strong> oltre ai tecnici Max Blardone e Andrea Truddaiu.<\/p>\n","protected":false},"excerpt":{"rendered":"<p>Il 24enne pontebbano lavorer\u00e0 dal 20 al 25 novembre<\/p>\n","protected":false},"author":4,"featured_media":65431,"comment_status":"closed","ping_status":"closed","sticky":false,"template":"","format":"standard","meta":{"_acf_changed":false,"footnotes":""},"categories":[10,15],"tags":[],"acf":[],"_links":{"self":[{"href":"https:\/\/comitati.fisi.org\/friuli-venezia-giulia\/wp-json\/wp\/v2\/posts\/71660"}],"collection":[{"href":"https:\/\/comitati.fisi.org\/friuli-venezia-giulia\/wp-json\/wp\/v2\/posts"}],"about":[{"href":"https:\/\/comitati.fisi.org\/friuli-venezia-giulia\/wp-json\/wp\/v2\/types\/post"}],"author":[{"embeddable":true,"href":"https:\/\/comitati.fisi.org\/friuli-venezia-giulia\/wp-json\/wp\/v2\/users\/4"}],"replies":[{"embeddable":true,"href":"https:\/\/comitati.fisi.org\/friuli-venezia-giulia\/wp-json\/wp\/v2\/comments?post=71660"}],"version-history":[{"count":0,"href":"https:\/\/comitati.fisi.org\/friuli-venezia-giulia\/wp-json\/wp\/v2\/posts\/71660\/revisions"}],"wp:featuredmedia":[{"embeddable":true,"href":"https:\/\/comitati.fisi.org\/friuli-venezia-giulia\/wp-json\/wp\/v2\/media\/65431"}],"wp:attachment":[{"href":"https:\/\/comitati.fisi.org\/friuli-venezia-giulia\/wp-json\/wp\/v2\/media?parent=71660"}],"wp:term":[{"taxonomy":"category","embeddable":true,"href":"https:\/\/comitati.fisi.org\/friuli-venezia-giulia\/wp-json\/wp\/v2\/categories?post=71660"},{"taxonomy":"post_tag","embeddable":true,"href":"https:\/\/comitati.fisi.org\/friuli-venezia-giulia\/wp-json\/wp\/v2\/tags?post=71660"}],"curies":[{"name":"wp","href":"https:\/\/api.w.org\/{rel}","templated":true}]}}