{"id":71625,"date":"2020-11-16T13:48:45","date_gmt":"2020-11-16T12:48:45","guid":{"rendered":"https:\/\/www.fisifvg.org\/?p=71625"},"modified":"2020-11-16T13:48:45","modified_gmt":"2020-11-16T12:48:45","slug":"i-risultati-dei-test-di-biathlon-di-forni-avoltri-per-calibro-22-e-aria-compressa","status":"publish","type":"post","link":"https:\/\/comitati.fisi.org\/friuli-venezia-giulia\/blog\/2020\/11\/16\/i-risultati-dei-test-di-biathlon-di-forni-avoltri-per-calibro-22-e-aria-compressa\/","title":{"rendered":"I risultati dei test di biathlon di Forni Avoltri per calibro 22 e aria compressa"},"content":{"rendered":"<p>La <strong>Carnia Arena di Piani di Luzza, a Forni Avoltri<\/strong>, ha ospitato nei primi due sabato di novembre i test riservati al calibro 22 e al settore aria compressa di biathlon.<\/p>\n<div id=\"attachment_69700\" style=\"width: 410px\" class=\"wp-caption alignleft\"><a href=\"http:\/\/comitati.fisi.org\/friuli-venezia-giulia\/wp-content\/uploads\/sites\/34\/2020\/06\/BIATHLON-2021-Mattia-Piller-Hoffer.jpeg\"><img loading=\"lazy\" decoding=\"async\" aria-describedby=\"caption-attachment-69700\" class=\"wp-image-69700\" src=\"http:\/\/comitati.fisi.org\/friuli-venezia-giulia\/wp-content\/uploads\/sites\/34\/2020\/06\/BIATHLON-2021-Mattia-Piller-Hoffer-400x400.jpeg\" alt=\"\" width=\"400\" height=\"291\" \/><\/a><p id=\"caption-attachment-69700\" class=\"wp-caption-text\">Mattia Piller Hoffer<\/p><\/div>\n<p>Nel primo caso il miglior tempo della 10 km individuale Aspiranti-Giovani-Juniores maschile \u00e8 stato realizzato da <strong>Mattia Piller Hoffer,<\/strong> ora tesserato con il Cs Carabinieri (dopo gli anni ai Camosci) con il tempo di 25&#8217;33&#8221; e 4 errori (corrispondenti a 30&#8243; di penalit\u00e0); Mattia \u00e8 stato anche il pi\u00f9 veloce sugli skiroll. Secondo a 1&#8217;37&#8221; (3) Fabio Cappellari della Fornese, terzo a 1&#8217;58&#8221; (6) Daniele Fauner dei Carabinieri.<\/p>\n<p>Nella corrispondente categoria femminile primo posto per<strong> Ilaria Scattolo,<\/strong> ora alle Fiamme Oro (fino alla passata stagione era tesserata con i Camosci), con il tempo di 26&#8217;55&#8221; (5). Seconda a 19&#8243; Astrid Pl\u00f6sch del Weissenfels, assieme a Pietro Pallober (sesto nella prova maschile) la migliore al poligono con 2 errori. Terza a 1&#8217;32&#8221; (8) Sara Scattolo, anch&#8217;essa, come la sorella, tesserata con le Fiamme Oro.<\/p>\n<p>Sabato scorso il test era riservato ai pi\u00f9 giovani, in questo caso con la corsa a sostituire gli skiroll.<\/p>\n<p>Nella 5 km Allievi <strong>Elia Del Fabbro<\/strong> della Monte Coglians si \u00e8 imposto in 21&#8217;46&#8221; (6) precedendo di 55&#8243; Emanuele Clerici della Fornese (9) e di 1&#8217;54&#8221; Matteo Goldin dello Sci Club 70 (8).<\/p>\n<div id=\"attachment_70171\" style=\"width: 310px\" class=\"wp-caption alignright\"><a href=\"https:\/\/www.fisifvg.org\/wp-content\/uploads\/2020\/07\/BIATHLON-2020-Desiree-Ribbi.jpg\"><img loading=\"lazy\" decoding=\"async\" aria-describedby=\"caption-attachment-70171\" class=\"wp-image-70171 size-full\" src=\"https:\/\/www.fisifvg.org\/wp-content\/uploads\/2020\/07\/BIATHLON-2020-Desiree-Ribbi.jpg\" alt=\"\" width=\"300\" height=\"300\" \/><\/a><p id=\"caption-attachment-70171\" class=\"wp-caption-text\">Desiree Ribbi<\/p><\/div>\n<p>Nella 5 km Allieve miglior tempo per<strong> Desiree Ribbi<\/strong> dei Camosci (3) con 2&#8217;02&#8221; su Sofia Del Fabbro della Monte Coglians (2) e 2&#8217;06&#8221; sulla compagna di squadra di quest&#8217;ultima Maya Pividori (4).<\/p>\n<p>Tre le fermate al poligono, tutte a terra, per la categoria Ragazzi, impegnata sui 4 km.<br \/>\nTra i maschi si impone <strong>Filippo Tach<\/strong> dei Camosci in 18&#8217;33&#8221; (2), secondo a 30&#8243; il compagno di squadra Andrea Zambelli (5), terzo a 37&#8243; l&#8217;altro esponente dello sci club sappadino Sebastian Screm (2).<\/p>\n<p>Nella prova femminile <strong>Chiara Polo<\/strong> della Fornese chiude in 18&#8217;42&#8221; (3), precedendo di 1&#8217;28&#8221; Julia Urgesi della Monte Coglians (4) e di 1&#8217;41&#8221; Elisabetta Romanin, sempre della Monte Coglians (4).<\/p>\n<p><em><strong>(in copertina Ilaria Scattolo e Elia Del Fabbro)<\/strong><\/em><\/p>\n<p>&nbsp;<\/p>\n<p>&nbsp;<\/p>\n","protected":false},"excerpt":{"rendered":"<p>La Carnia Arena di Piani di Luzza ha ospitato le prove della varie categorie nei primi due sabato di novembre<\/p>\n","protected":false},"author":4,"featured_media":71628,"comment_status":"closed","ping_status":"closed","sticky":false,"template":"","format":"standard","meta":{"_acf_changed":false,"footnotes":""},"categories":[13,10],"tags":[],"acf":[],"_links":{"self":[{"href":"https:\/\/comitati.fisi.org\/friuli-venezia-giulia\/wp-json\/wp\/v2\/posts\/71625"}],"collection":[{"href":"https:\/\/comitati.fisi.org\/friuli-venezia-giulia\/wp-json\/wp\/v2\/posts"}],"about":[{"href":"https:\/\/comitati.fisi.org\/friuli-venezia-giulia\/wp-json\/wp\/v2\/types\/post"}],"author":[{"embeddable":true,"href":"https:\/\/comitati.fisi.org\/friuli-venezia-giulia\/wp-json\/wp\/v2\/users\/4"}],"replies":[{"embeddable":true,"href":"https:\/\/comitati.fisi.org\/friuli-venezia-giulia\/wp-json\/wp\/v2\/comments?post=71625"}],"version-history":[{"count":0,"href":"https:\/\/comitati.fisi.org\/friuli-venezia-giulia\/wp-json\/wp\/v2\/posts\/71625\/revisions"}],"wp:featuredmedia":[{"embeddable":true,"href":"https:\/\/comitati.fisi.org\/friuli-venezia-giulia\/wp-json\/wp\/v2\/media\/71628"}],"wp:attachment":[{"href":"https:\/\/comitati.fisi.org\/friuli-venezia-giulia\/wp-json\/wp\/v2\/media?parent=71625"}],"wp:term":[{"taxonomy":"category","embeddable":true,"href":"https:\/\/comitati.fisi.org\/friuli-venezia-giulia\/wp-json\/wp\/v2\/categories?post=71625"},{"taxonomy":"post_tag","embeddable":true,"href":"https:\/\/comitati.fisi.org\/friuli-venezia-giulia\/wp-json\/wp\/v2\/tags?post=71625"}],"curies":[{"name":"wp","href":"https:\/\/api.w.org\/{rel}","templated":true}]}}