{"id":71556,"date":"2020-11-12T13:51:40","date_gmt":"2020-11-12T12:51:40","guid":{"rendered":"https:\/\/www.fisifvg.org\/?p=71556"},"modified":"2020-11-12T13:51:40","modified_gmt":"2020-11-12T12:51:40","slug":"bel-sedicesimo-posto-per-caterina-sinigoi-nello-slalom-di-solda","status":"publish","type":"post","link":"https:\/\/comitati.fisi.org\/friuli-venezia-giulia\/blog\/2020\/11\/12\/bel-sedicesimo-posto-per-caterina-sinigoi-nello-slalom-di-solda\/","title":{"rendered":"Bel sedicesimo posto per Caterina Sinigoi nello slalom di Solda"},"content":{"rendered":"<p>Pi\u00f9 che positivo sedicesimo posto per <strong>Caterina Sinigoi<\/strong> <em><strong>(nella foto)<\/strong> <\/em>nel secondo slalom FIS disputato oggi a Solda, in Alto Adige.<\/p>\n<p>L&#8217;allieva di <strong>Ales Sever,<\/strong> esponente <strong>della squadra FISI FVG e tesserata con il SK Devin,<\/strong> \u00e8 giunta sedicesima con il pettorale 37. Solo una ragazza partita dopo ha fatto meglio, ovvero la croata classe 2004 Zrinka Ljutic, che partita con l&#8217;87 ha fatto segnare il quindicesimo tempo nella prima manche ed \u00e8 stata la pi\u00e0 veloce nella seconda (nella classifica finale sar\u00e0 nona). Nelle due gare precedenti era giunta quarta e nona sempre con pettorali altissimi. Ne risentiremo parlare.<br \/>\nTornando alla nostra Caterina, al termine della prima manche era diciottesima, poi ha guadagnato due posizioni, chiudendo a 2&#8243;75 dall&#8217;azzurra Carlotta Saracco, vincitrice con 0&#8243;06 su Celina Haller e 0&#8243;09 sulla francese Clarisse Breche.<br \/>\n<em>&#8220;Nonostante alcuni errori, sono contenta del risultato del mio slalom &#8211;<\/em> dice Caterina <em>-. Anche perch\u00e9 per la prima volta sono scesa sotto i 50 punti, ovvero 46.97&#8243;.<\/em><br \/>\nLa compagna di Comitato <strong>Sofia Colombo<\/strong>, da questa stagione allo <strong>Sci Club Pordenone<\/strong>, \u00e8 giunta trentottesima.<\/p>\n<p>Nella prova maschile<strong> Hans Vaccari,<\/strong> ieri sesto, \u00e8 uscito nella prima manche, mentre non hanno concluso la seconda prova<strong> Simone Gallina del Devin<\/strong> (era 35\u00b0) e<strong> Alex Ostolidi della squadra FISI FVG e del Lussari<\/strong> (47\u00b0).<br \/>\nIl solo classificato fra gli esponenti degli sci club FISI FVG \u00e8 stato il <strong>lussarino Sebastiano Maddalena,<\/strong> 57\u00b0.<br \/>\nVittoria, come ieri, per lo spagnolo Joaquim Salarich davanti a Francesco Gori. Quarto il <strong>triestino Pietro Canzio<\/strong>.<\/p>\n<p><a href=\"https:\/\/www.fis-ski.com\/DB\/general\/event-details.html?sectorcode=AL&amp;eventid=47414&amp;seasoncode=2021\">CLASSIFICHE<\/a><\/p>\n","protected":false},"excerpt":{"rendered":"<p>Nella prova maschile Hans Vaccari, ieri sesto, \u00e8 uscito nella prima manche<\/p>\n","protected":false},"author":4,"featured_media":69715,"comment_status":"closed","ping_status":"closed","sticky":false,"template":"","format":"standard","meta":{"_acf_changed":false,"footnotes":""},"categories":[10,15],"tags":[],"acf":[],"_links":{"self":[{"href":"https:\/\/comitati.fisi.org\/friuli-venezia-giulia\/wp-json\/wp\/v2\/posts\/71556"}],"collection":[{"href":"https:\/\/comitati.fisi.org\/friuli-venezia-giulia\/wp-json\/wp\/v2\/posts"}],"about":[{"href":"https:\/\/comitati.fisi.org\/friuli-venezia-giulia\/wp-json\/wp\/v2\/types\/post"}],"author":[{"embeddable":true,"href":"https:\/\/comitati.fisi.org\/friuli-venezia-giulia\/wp-json\/wp\/v2\/users\/4"}],"replies":[{"embeddable":true,"href":"https:\/\/comitati.fisi.org\/friuli-venezia-giulia\/wp-json\/wp\/v2\/comments?post=71556"}],"version-history":[{"count":0,"href":"https:\/\/comitati.fisi.org\/friuli-venezia-giulia\/wp-json\/wp\/v2\/posts\/71556\/revisions"}],"wp:featuredmedia":[{"embeddable":true,"href":"https:\/\/comitati.fisi.org\/friuli-venezia-giulia\/wp-json\/wp\/v2\/media\/69715"}],"wp:attachment":[{"href":"https:\/\/comitati.fisi.org\/friuli-venezia-giulia\/wp-json\/wp\/v2\/media?parent=71556"}],"wp:term":[{"taxonomy":"category","embeddable":true,"href":"https:\/\/comitati.fisi.org\/friuli-venezia-giulia\/wp-json\/wp\/v2\/categories?post=71556"},{"taxonomy":"post_tag","embeddable":true,"href":"https:\/\/comitati.fisi.org\/friuli-venezia-giulia\/wp-json\/wp\/v2\/tags?post=71556"}],"curies":[{"name":"wp","href":"https:\/\/api.w.org\/{rel}","templated":true}]}}