{"id":71544,"date":"2020-11-10T16:53:09","date_gmt":"2020-11-10T15:53:09","guid":{"rendered":"https:\/\/www.fisifvg.org\/?p=71544"},"modified":"2020-11-10T16:53:09","modified_gmt":"2020-11-10T15:53:09","slug":"i-contributi-per-le-manifestazioni-sportive-in-primo-piano-nellinfoday-della-regione-fvg","status":"publish","type":"post","link":"https:\/\/comitati.fisi.org\/friuli-venezia-giulia\/blog\/2020\/11\/10\/i-contributi-per-le-manifestazioni-sportive-in-primo-piano-nellinfoday-della-regione-fvg\/","title":{"rendered":"I contributi per le manifestazioni sportive in primo piano nell&#8217;infoday della Regione FVG"},"content":{"rendered":"<p><em><strong>Proponiamo un&#8217;importante nota dell&#8217;Ufficio Stampa della Regione Friuli Venezia Giulia.<br \/>\n<\/strong><\/em><\/p>\n<p>Finanziare per il 2021 tutte le linee contributive previste dalla normativa regionale a favore di sport e cultura e mantenere pazienza <a href=\"https:\/\/www.fisifvg.org\/wp-admin\/post-new.php\">Aggiungi nuovo<\/a>e tenacia per pianificare il futuro, malgrado l&#8217;incertezza del contesto pandemico, perch\u00e9 i settori sportivo e culturale sono fondamentali per la nostra comunit\u00e0 e la Regione \u00e8 al loro fianco in questo momento difficile.<\/p>\n<p>E&#8217; il segnale di fiducia lanciato dall&#8217;assessore regionale alla Cultura e allo Sport, Tiziana Gibelli, nel corso dell&#8217;odierno infoday informativo in cui \u00e8 stata illustrata la modalit\u00e0 di presentazione delle domande di contributo per le manifestazioni sportive cos\u00ec come previsto dal Testo unico in materia di sport che disciplina, all&#8217;articolo 11, gli interventi a favore delle manifestazioni sportive, agonistiche e amatoriali nel territorio del Friuli Venezia Giulia.<\/p>\n<p>&#8220;Un segnale di fiducia in un momento in cui dobbiamo armarci di pazienza e tenacia per affrontare questa profonda fase di incertezza legata alla pandemia &#8211; ha sottolineato Gibelli -. Dobbiamo comunque continuare a tenere a mente la nostra direzione che vede lo sport e la cultura come aspetti fondamentali della vita delle persone. Lavoriamo in quest&#8217;ottica affinch\u00e9 non vengano meno le prospettive per questi settori rilevanti&#8221;.<\/p>\n<p>Durante la videoconferenza organizzata dalla direzione regionale alla Cultura e Sport si \u00e8 ricordata la possibilit\u00e0, contenuta nella legge regionale 10\/2020 misure urgenti in materia di cultura e sport, di utilizzare i contributi 2019-2020 per le manifestazioni che, a causa della pandemia, non sono state realizzate. Per l&#8217;annualit\u00e0 2019 c&#8217;\u00e8 tempo fino al 30 aprile 2021 e per le altre fino al 30 aprile 2022. E&#8217; stato ricordato, inoltre, lo stanziamento di un importo straordinario per la sanificazione nelle palestre ad uso scolastico a favore delle associazioni che svolgono le attivit\u00e0 in quelle strutture. &#8220;Si tratta di 4milioni di euro stanziati con l&#8217;assestamento di luglio &#8211; ha detto Gibelli &#8211; che verranno trasferiti alle Federazioni tramite il Coni&#8221;.<\/p>\n<p>L&#8217;infoday proposto oggi \u00e8 stato un momento di incontro tra mondo sportivo e Servizio regionale allo Sport per fornire informazioni concrete sulle modalit\u00e0 per accedere ai contributi per le manifestazioni sportive, agonistiche e amatoriali anche a carattere transfrontaliero che si realizzano in Friuli Venezia Giulia e che si svolgeranno dal 1\u00b0 gennaio 2021 al 30 aprile 2022.<\/p>\n<p>Destinatari degli interventi sono le associazioni e le societ\u00e0 sportive senza finalit\u00e0 di lucro, i comitati regionali delle federazioni sportive nazionali e delle discipline sportive associate, il Comitato regionale del Coni, le articolazioni territoriali sovracomunali degli enti di promozione sportiva, i comitati organizzatori locali formalmente costituiti.<\/p>\n<p>L&#8217;incontro informativo ha avuto lo scopo di illustrare le caratteristiche degli interventi e fornire indicazioni utili per la corretta presentazione delle relative domande di contributo. Come \u00e8 stato evidenziato, la misura massima del contributo non pu\u00f2 essere superiore al 100% della spesa ammissibile, all&#8217;importo del contributo richiesto nella domanda e a euro 50.000,00 e dipender\u00e0 dalle risorse finanziarie disponibili e dal punteggio assegnato alla manifestazione. Fra le tipologie delle spese ammissibili, rientrano i costi relativi al trasferimento, vitto e pernottamento in strutture ricettive non di lusso per atleti, tecnici, arbitri, giudici di gara, collaboratori, affitto di impianti sportivi, noleggio di mezzi di trasporto e di attrezzature, spese per la comunicazione, per l&#8217;assistenza sanitaria e per le coperture assicurative.<\/p>\n<p>Le domande dovranno essere presentate mediante l&#8217;accesso al sistema informatico &#8220;Istanze on line&#8221; entro le 12 del 30 novembre prossimo.<\/p>\n","protected":false},"excerpt":{"rendered":"<p>Oggi l&#8217;assessore Tiziana Gibelli ha illustrato la modalit\u00e0 di presentazione delle domande<\/p>\n","protected":false},"author":4,"featured_media":69365,"comment_status":"closed","ping_status":"closed","sticky":false,"template":"","format":"standard","meta":{"_acf_changed":false,"footnotes":""},"categories":[10,17],"tags":[],"acf":[],"_links":{"self":[{"href":"https:\/\/comitati.fisi.org\/friuli-venezia-giulia\/wp-json\/wp\/v2\/posts\/71544"}],"collection":[{"href":"https:\/\/comitati.fisi.org\/friuli-venezia-giulia\/wp-json\/wp\/v2\/posts"}],"about":[{"href":"https:\/\/comitati.fisi.org\/friuli-venezia-giulia\/wp-json\/wp\/v2\/types\/post"}],"author":[{"embeddable":true,"href":"https:\/\/comitati.fisi.org\/friuli-venezia-giulia\/wp-json\/wp\/v2\/users\/4"}],"replies":[{"embeddable":true,"href":"https:\/\/comitati.fisi.org\/friuli-venezia-giulia\/wp-json\/wp\/v2\/comments?post=71544"}],"version-history":[{"count":0,"href":"https:\/\/comitati.fisi.org\/friuli-venezia-giulia\/wp-json\/wp\/v2\/posts\/71544\/revisions"}],"wp:featuredmedia":[{"embeddable":true,"href":"https:\/\/comitati.fisi.org\/friuli-venezia-giulia\/wp-json\/wp\/v2\/media\/69365"}],"wp:attachment":[{"href":"https:\/\/comitati.fisi.org\/friuli-venezia-giulia\/wp-json\/wp\/v2\/media?parent=71544"}],"wp:term":[{"taxonomy":"category","embeddable":true,"href":"https:\/\/comitati.fisi.org\/friuli-venezia-giulia\/wp-json\/wp\/v2\/categories?post=71544"},{"taxonomy":"post_tag","embeddable":true,"href":"https:\/\/comitati.fisi.org\/friuli-venezia-giulia\/wp-json\/wp\/v2\/tags?post=71544"}],"curies":[{"name":"wp","href":"https:\/\/api.w.org\/{rel}","templated":true}]}}