{"id":71510,"date":"2020-11-08T20:51:47","date_gmt":"2020-11-08T19:51:47","guid":{"rendered":"https:\/\/www.fisifvg.org\/?p=71510"},"modified":"2020-11-08T20:51:47","modified_gmt":"2020-11-08T19:51:47","slug":"anche-dalla-fisi-fvg-a-solda-per-lesordio-stagionale-dello-sci-alpino","status":"publish","type":"post","link":"https:\/\/comitati.fisi.org\/friuli-venezia-giulia\/blog\/2020\/11\/08\/anche-dalla-fisi-fvg-a-solda-per-lesordio-stagionale-dello-sci-alpino\/","title":{"rendered":"Anche dalla FISI FVG a Solda per l&#8217;esordio stagionale dello sci alpino"},"content":{"rendered":"<p>Da domani (luned\u00ec 9) si svolgeranno a Solda, in Alto Adige, le prime gare stagionali di sci alpino.<\/p>\n<p>Alle FIS prenderanno parte anche alcuni componenti della squadra FISI FVG di sci alpino, ovvero Renato Moretti, Giacomo Vidoni, Alex Ostolidi, Alberto Benedetti e, per il settore femminile, Caterina Sinigoi<\/p>\n<p>Prevista inoltre la presenza di altri esponenti delle societ\u00e0 FVG, ovvero Simone Gallina, Sebastiano Maddalena e Luca Taranzano, con quest&#8217;ultimo che prover\u00e0 a giocarsi le chance di trovare un pass per le prima gare di Coppa Europa. Al via fra le ragazze anche Giulia Di Francesco.<\/p>\n<p>Il programma prevede i giganti FIS E NC luned\u00ec 9 e marted\u00ec 10, mentre mercoled\u00ec 11 e gioved\u00ec 12 ci saranno gli slalom, sempre categoria FIS e NC.<br \/>\nIn entrambi i casi in gara uomini e donne.<\/p>\n<p><em><strong>(nella foto Alex Ostolidi)<\/strong><\/em><\/p>\n<p><a href=\"http:\/\/comitati.fisi.org\/friuli-venezia-giulia\/wp-content\/uploads\/sites\/34\/2020\/11\/6211_Ordine-di-partenzaMEN.pdf\">Ordine di partenza gigante maschile<\/a><br \/>\n<a href=\"http:\/\/comitati.fisi.org\/friuli-venezia-giulia\/wp-content\/uploads\/sites\/34\/2020\/11\/6210_Ordine-di-partenzaFEM0911.pdf\">Ordine di partenza gigante femminile<\/a><\/p>\n","protected":false},"excerpt":{"rendered":"<p>Il programma prevede i giganti FIS E NC luned\u00ec 9 e marted\u00ec 10, mentre mercoled\u00ec 11 e gioved\u00ec 12 ci saranno gli slalom, sempre categoria FIS e NC<\/p>\n","protected":false},"author":4,"featured_media":62060,"comment_status":"closed","ping_status":"closed","sticky":false,"template":"","format":"standard","meta":{"_acf_changed":false,"footnotes":""},"categories":[15],"tags":[],"acf":[],"_links":{"self":[{"href":"https:\/\/comitati.fisi.org\/friuli-venezia-giulia\/wp-json\/wp\/v2\/posts\/71510"}],"collection":[{"href":"https:\/\/comitati.fisi.org\/friuli-venezia-giulia\/wp-json\/wp\/v2\/posts"}],"about":[{"href":"https:\/\/comitati.fisi.org\/friuli-venezia-giulia\/wp-json\/wp\/v2\/types\/post"}],"author":[{"embeddable":true,"href":"https:\/\/comitati.fisi.org\/friuli-venezia-giulia\/wp-json\/wp\/v2\/users\/4"}],"replies":[{"embeddable":true,"href":"https:\/\/comitati.fisi.org\/friuli-venezia-giulia\/wp-json\/wp\/v2\/comments?post=71510"}],"version-history":[{"count":0,"href":"https:\/\/comitati.fisi.org\/friuli-venezia-giulia\/wp-json\/wp\/v2\/posts\/71510\/revisions"}],"wp:featuredmedia":[{"embeddable":true,"href":"https:\/\/comitati.fisi.org\/friuli-venezia-giulia\/wp-json\/wp\/v2\/media\/62060"}],"wp:attachment":[{"href":"https:\/\/comitati.fisi.org\/friuli-venezia-giulia\/wp-json\/wp\/v2\/media?parent=71510"}],"wp:term":[{"taxonomy":"category","embeddable":true,"href":"https:\/\/comitati.fisi.org\/friuli-venezia-giulia\/wp-json\/wp\/v2\/categories?post=71510"},{"taxonomy":"post_tag","embeddable":true,"href":"https:\/\/comitati.fisi.org\/friuli-venezia-giulia\/wp-json\/wp\/v2\/tags?post=71510"}],"curies":[{"name":"wp","href":"https:\/\/api.w.org\/{rel}","templated":true}]}}