{"id":71496,"date":"2020-11-07T11:30:53","date_gmt":"2020-11-07T10:30:53","guid":{"rendered":"https:\/\/www.fisifvg.org\/?p=71496"},"modified":"2020-11-07T11:30:53","modified_gmt":"2020-11-07T10:30:53","slug":"hans-vaccari-prepara-a-solda-le-prime-gare-stagionali","status":"publish","type":"post","link":"https:\/\/comitati.fisi.org\/friuli-venezia-giulia\/blog\/2020\/11\/07\/hans-vaccari-prepara-a-solda-le-prime-gare-stagionali\/","title":{"rendered":"Hans Vaccari prepara a Solda le prime gare stagionali"},"content":{"rendered":"<p>In occasione delle gare FIS e dei Campionati Italiani di Solda dei prossimi giorni, il direttore tecnico giovanile Massimo Carca ha convocato sette componenti della squadra di Coppa Europa femminile per un raduno che \u00e8 cominciato ieri e si concluder\u00e0 gioved\u00ec 12 novembre. si tratta di Anita Gulli, Vera Tschurtschenthaler, Petra Unterholzner, Serena Viviani, Asja Zenere, Carlotta Da Canal e Monica Zanitzer. Presenti anche l&#8217;allenatore responsabile Damiano Scolari e i tecnici Cesare Prati, Daniel Dorigo, Ruggero Muzzarelli.<\/p>\n<p>Stesso discorso per il gruppo maschile, che sar\u00e0 presente con Pietro Canzio, Giovanni Franzoni, Tobias Kastlunger, Matteo Franzoso, Giulio Zuccarini, Francesco Gori e <em><strong>Hans Vaccari (nella foto),<\/strong><\/em> con l&#8217;allenatore responsabile Devid Salvadori e il tecnico Max Blardone.<\/p>\n<p>Sulla pista altoatesina non mancheranno nemmeno gli junior con Matteo Bendotti, Filippo Dalla Vite, Alessandro Pizio, Riccardo Allegrini, Giovanni Zazzaro, Manuel Ploner, Martino Rizzi e Simon Talacci, con il coordinatore del settore giovanile Alexander Prosch e i tecnici Andrea Truddaiu e Ivan Imberti.<\/p>\n","protected":false},"excerpt":{"rendered":"<p>Nei prossimi giorni la localit\u00e0 altoatesina ospiter\u00e0 gare FIS e i Campionati Italiani<\/p>\n","protected":false},"author":4,"featured_media":62414,"comment_status":"closed","ping_status":"closed","sticky":false,"template":"","format":"standard","meta":{"_acf_changed":false,"footnotes":""},"categories":[15],"tags":[],"acf":[],"_links":{"self":[{"href":"https:\/\/comitati.fisi.org\/friuli-venezia-giulia\/wp-json\/wp\/v2\/posts\/71496"}],"collection":[{"href":"https:\/\/comitati.fisi.org\/friuli-venezia-giulia\/wp-json\/wp\/v2\/posts"}],"about":[{"href":"https:\/\/comitati.fisi.org\/friuli-venezia-giulia\/wp-json\/wp\/v2\/types\/post"}],"author":[{"embeddable":true,"href":"https:\/\/comitati.fisi.org\/friuli-venezia-giulia\/wp-json\/wp\/v2\/users\/4"}],"replies":[{"embeddable":true,"href":"https:\/\/comitati.fisi.org\/friuli-venezia-giulia\/wp-json\/wp\/v2\/comments?post=71496"}],"version-history":[{"count":0,"href":"https:\/\/comitati.fisi.org\/friuli-venezia-giulia\/wp-json\/wp\/v2\/posts\/71496\/revisions"}],"wp:featuredmedia":[{"embeddable":true,"href":"https:\/\/comitati.fisi.org\/friuli-venezia-giulia\/wp-json\/wp\/v2\/media\/62414"}],"wp:attachment":[{"href":"https:\/\/comitati.fisi.org\/friuli-venezia-giulia\/wp-json\/wp\/v2\/media?parent=71496"}],"wp:term":[{"taxonomy":"category","embeddable":true,"href":"https:\/\/comitati.fisi.org\/friuli-venezia-giulia\/wp-json\/wp\/v2\/categories?post=71496"},{"taxonomy":"post_tag","embeddable":true,"href":"https:\/\/comitati.fisi.org\/friuli-venezia-giulia\/wp-json\/wp\/v2\/tags?post=71496"}],"curies":[{"name":"wp","href":"https:\/\/api.w.org\/{rel}","templated":true}]}}