{"id":71470,"date":"2020-11-03T17:19:56","date_gmt":"2020-11-03T16:19:56","guid":{"rendered":"https:\/\/www.fisifvg.org\/?p=71470"},"modified":"2020-11-03T17:19:56","modified_gmt":"2020-11-03T16:19:56","slug":"mara-martini-in-raduno-con-la-squadra-nazionale-di-sci-alpinismo","status":"publish","type":"post","link":"https:\/\/comitati.fisi.org\/friuli-venezia-giulia\/blog\/2020\/11\/03\/mara-martini-in-raduno-con-la-squadra-nazionale-di-sci-alpinismo\/","title":{"rendered":"Mara Martini in raduno con la squadra nazionale di sci alpinismo"},"content":{"rendered":"<p>La <strong>squadra nazionale di sci alpinismo<\/strong> \u00e8 in raduno da oggi fino a venerd\u00ec 6, diviso per\u00f2 in due gruppi di lavoro dal direttore tecnico Stefano Bendetti.<\/p>\n<p>Una parte composta da Robert Antonioli, Michele Boscacci, Davide Magnini, Federico Nicolini, Andrea Prandi, Giovanni Rossi, Matteo Sostizzo, Luca Tomasoni, Alba De Silvestro, Giulia Compagnoni, <strong>Mara Martini (Bachmann, <em>nella foto<\/em>),<\/strong> Giorgia Felicetti, Giulia Murada e Lisa Moreschini si allena al Passo del Tonale, un&#8217;altra composta da Matteo Eydallin, Damiano Lenzi, Nadir Maguet, Sebastian Guichardaz e Ilaria Veronese si ritrova a Cervinia (Ao).<br \/>\nPresenti anche i tecnici Manfred Reichegger e Davide Canclini.<\/p>\n<p>La prima tappa di Coppa del mondo \u00e8 prevista proprio al Passo del Tonale il 19 e 20 dicembre, con sprint e una vertical race.<\/p>\n","protected":false},"excerpt":{"rendered":"<p>La prima tappa di Coppa del mondo \u00e8 prevista al Passo del Tonale il 19 e 20 dicembre, con sprint e una vertical race<\/p>\n","protected":false},"author":4,"featured_media":57848,"comment_status":"closed","ping_status":"closed","sticky":false,"template":"","format":"standard","meta":{"_acf_changed":false,"footnotes":""},"categories":[10,19],"tags":[],"acf":[],"_links":{"self":[{"href":"https:\/\/comitati.fisi.org\/friuli-venezia-giulia\/wp-json\/wp\/v2\/posts\/71470"}],"collection":[{"href":"https:\/\/comitati.fisi.org\/friuli-venezia-giulia\/wp-json\/wp\/v2\/posts"}],"about":[{"href":"https:\/\/comitati.fisi.org\/friuli-venezia-giulia\/wp-json\/wp\/v2\/types\/post"}],"author":[{"embeddable":true,"href":"https:\/\/comitati.fisi.org\/friuli-venezia-giulia\/wp-json\/wp\/v2\/users\/4"}],"replies":[{"embeddable":true,"href":"https:\/\/comitati.fisi.org\/friuli-venezia-giulia\/wp-json\/wp\/v2\/comments?post=71470"}],"version-history":[{"count":0,"href":"https:\/\/comitati.fisi.org\/friuli-venezia-giulia\/wp-json\/wp\/v2\/posts\/71470\/revisions"}],"wp:featuredmedia":[{"embeddable":true,"href":"https:\/\/comitati.fisi.org\/friuli-venezia-giulia\/wp-json\/wp\/v2\/media\/57848"}],"wp:attachment":[{"href":"https:\/\/comitati.fisi.org\/friuli-venezia-giulia\/wp-json\/wp\/v2\/media?parent=71470"}],"wp:term":[{"taxonomy":"category","embeddable":true,"href":"https:\/\/comitati.fisi.org\/friuli-venezia-giulia\/wp-json\/wp\/v2\/categories?post=71470"},{"taxonomy":"post_tag","embeddable":true,"href":"https:\/\/comitati.fisi.org\/friuli-venezia-giulia\/wp-json\/wp\/v2\/tags?post=71470"}],"curies":[{"name":"wp","href":"https:\/\/api.w.org\/{rel}","templated":true}]}}