{"id":71424,"date":"2020-11-02T14:07:56","date_gmt":"2020-11-02T13:07:56","guid":{"rendered":"https:\/\/www.fisifvg.org\/?p=71424"},"modified":"2020-11-02T14:07:56","modified_gmt":"2020-11-02T13:07:56","slug":"i-fondisti-potranno-sciare-a-forni-di-sopra-anche-a-quota-1500-metri","status":"publish","type":"post","link":"https:\/\/comitati.fisi.org\/friuli-venezia-giulia\/blog\/2020\/11\/02\/i-fondisti-potranno-sciare-a-forni-di-sopra-anche-a-quota-1500-metri\/","title":{"rendered":"I fondisti potranno sciare a Forni di Sopra anche a quota 1500 metri"},"content":{"rendered":"<p>Lo sci nordico sale in quota e da quest\u2019anno sar\u00e0 possibile sciare sull\u2019anello \u201cLaghetti Val\u201d a quota 1500, sul monte Varmost, a Forni di Sopra. La lunghezza della pista sfiora i 1000 metri, per 6 metri di larghezza e un dislivello di 25 metri.<\/p>\n<p>E\u2019 usufruibile anche da sciatori principianti e da bambini.<\/p>\n<p>L\u2019accesso all\u2019anello \u00e8 gratuito, raggiungibile con le cjaspole per gli sportivi pi\u00f9 allenati, con la seggiovia per i pi\u00f9.<\/p>\n<p>A proposito di seggiovia, per la stagione invernale alle porte, PromoturismoFVG ha provveduto a sostituire le attuali sedute con nuove pi\u00f9 confortevoli e kid stop per la sicurezza dei bambini.<\/p>\n<p>Sempre sul Varmost, all\u2019apertura degli impianti, prevista per l\u20198 dicembre, sar\u00e0 inaugurata la variante Plan dei Pos, presso Malga Varmost, lunga 850 metri, che andr\u00e0 ad aggiungersi ai percorsi gi\u00e0 conosciuti sul comprensorio, noto per vantare la pista pi\u00f9 lunga del Friuli con i suoi 6500 metri e 1200 di dislivello.<\/p>\n","protected":false},"excerpt":{"rendered":"<p>L\u2019accesso all\u2019anello \u00e8 gratuito, raggiungibile con le cjaspole per gli sportivi pi\u00f9 allenati, con la seggiovia per i pi\u00f9<\/p>\n","protected":false},"author":4,"featured_media":64432,"comment_status":"closed","ping_status":"closed","sticky":false,"template":"","format":"standard","meta":{"_acf_changed":false,"footnotes":""},"categories":[10,11],"tags":[],"acf":[],"_links":{"self":[{"href":"https:\/\/comitati.fisi.org\/friuli-venezia-giulia\/wp-json\/wp\/v2\/posts\/71424"}],"collection":[{"href":"https:\/\/comitati.fisi.org\/friuli-venezia-giulia\/wp-json\/wp\/v2\/posts"}],"about":[{"href":"https:\/\/comitati.fisi.org\/friuli-venezia-giulia\/wp-json\/wp\/v2\/types\/post"}],"author":[{"embeddable":true,"href":"https:\/\/comitati.fisi.org\/friuli-venezia-giulia\/wp-json\/wp\/v2\/users\/4"}],"replies":[{"embeddable":true,"href":"https:\/\/comitati.fisi.org\/friuli-venezia-giulia\/wp-json\/wp\/v2\/comments?post=71424"}],"version-history":[{"count":0,"href":"https:\/\/comitati.fisi.org\/friuli-venezia-giulia\/wp-json\/wp\/v2\/posts\/71424\/revisions"}],"wp:featuredmedia":[{"embeddable":true,"href":"https:\/\/comitati.fisi.org\/friuli-venezia-giulia\/wp-json\/wp\/v2\/media\/64432"}],"wp:attachment":[{"href":"https:\/\/comitati.fisi.org\/friuli-venezia-giulia\/wp-json\/wp\/v2\/media?parent=71424"}],"wp:term":[{"taxonomy":"category","embeddable":true,"href":"https:\/\/comitati.fisi.org\/friuli-venezia-giulia\/wp-json\/wp\/v2\/categories?post=71424"},{"taxonomy":"post_tag","embeddable":true,"href":"https:\/\/comitati.fisi.org\/friuli-venezia-giulia\/wp-json\/wp\/v2\/tags?post=71424"}],"curies":[{"name":"wp","href":"https:\/\/api.w.org\/{rel}","templated":true}]}}