{"id":71413,"date":"2020-10-31T17:17:59","date_gmt":"2020-10-31T16:17:59","guid":{"rendered":"https:\/\/www.fisifvg.org\/?p=71413"},"modified":"2020-10-31T17:17:59","modified_gmt":"2020-10-31T16:17:59","slug":"si-rinnova-la-pista-di-fondo-di-sappada","status":"publish","type":"post","link":"https:\/\/comitati.fisi.org\/friuli-venezia-giulia\/blog\/2020\/10\/31\/si-rinnova-la-pista-di-fondo-di-sappada\/","title":{"rendered":"Si rinnova la pista di fondo di Sappada"},"content":{"rendered":"<p>\u201cA fine novembre saremo pronti con una rinnovata pista di fondo, che sar\u00e0 fruibile sia dai turisti, che dagli atleti\u201d: lo annuncia il sindaco di Sappada Manuel Piller Hoffer. Sono iniziati i lavori di miglioramento e prolungamento della pista di fondo, quella che ha dato la gloria a grandi atleti della storia mondiale dello sci nordico, tra cui Silvio Fauner, Pietro Piller Cottrer e Lisa Vittozzi, che qui si sono allenati agli esordi della loro carriera. La storica pista presente a Sappada da oltre 50 anni \u00e8 al centro di un progetto di riqualificazione\u00a0 suddiviso in tre step. In questi giorni sono partiti i lavori per il rifacimento dell\u2019impianto di innevamento: si stanno ammodernando i punti per la produzione di neve artificiale e, a quelli presenti ne saranno aggiunti altri tre. Questo primo intervento si concluder\u00e0 a ridosso dell\u2019inizio della stagione sciistica, vale a dire tra circa un mese. Il secondo step del progetto, che prender\u00e0 il via in primavera,\u00a0 prevede invece la realizzazione di uno stadio del fondo: attualmente infatti l\u2019area non dispone di una struttura al chiuso, atta ad accogliere gli sciatori. In vista dell\u2019appuntamento sportivo invernale Eyof FVG 2023, in cui Sappada sar\u00e0 una delle localit\u00e0 regionali coinvolte, l\u2019amministrazione comunale, in accordo con le autorit\u00e0 regionali e il comitato dell\u2019evento, ha realizzato un programma di interventi per la realizzazione di un area attrezzata da destinarsi allo sci nordico. Il terzo punto del progetto riguarda infine l\u2019ampliamento della pista: lunga attualmente\u00a0 13 chilometri, raggiunger\u00e0 di 20 chilometri nella sua estensione massima e sar\u00e0 suddivisa in 2 livelli di difficolt\u00e0: avr\u00e0 quindi sia una valenza sportiva che turistica. L\u2019investimento per la realizzazione del progetto sar\u00e0 pari a circa 2 milioni e mezzo di euro. \u201cSiamo convinti che lo sci di fondo possa avere un grande appeal per la nostra localit\u00e0 \u2013 riferisce Silvio Fauner, ora assessore al turismo e allo sport \u2013 e, per questo, col supporto di Promoturismo FVG,\u00a0 stiamo investendo in questa direzione, sia in vista degli Eyof 2023, ma anche per poter accogliere altre manifestazioni\u00a0 di calibro internazionale\u201d.<\/p>\n<p>Sappada \u00e8 stata protagonista sia nel \u201994 che nel \u201999 di 2 eventi di Coppa del Mondo e di altre iniziative sportive di pari levatura. \u201cNegli anni abbiamo dimostrato di essere capaci di sviluppare progetti turistico\/sportivi che portassero migliaia di ospiti nella nostra localit\u00e0. \u2013 continua Fauner -. Ora vogliamo consolidare questa nostra attitudine, potenziando le nostre strutture, per essere ancora pi\u00f9 competitivi e centrare un focus importante per Sappada e per l\u2019intera area turistica\u201d.<\/p>\n","protected":false},"excerpt":{"rendered":"<p>\u201cA fine novembre saremo pronti con una rinnovata pista, che sar\u00e0 fruibile sia dai turisti, che dagli atleti\u201d, dice il sindaco Piller Hoffer<\/p>\n","protected":false},"author":4,"featured_media":71414,"comment_status":"closed","ping_status":"closed","sticky":false,"template":"","format":"standard","meta":{"_acf_changed":false,"footnotes":""},"categories":[10,11],"tags":[],"acf":[],"_links":{"self":[{"href":"https:\/\/comitati.fisi.org\/friuli-venezia-giulia\/wp-json\/wp\/v2\/posts\/71413"}],"collection":[{"href":"https:\/\/comitati.fisi.org\/friuli-venezia-giulia\/wp-json\/wp\/v2\/posts"}],"about":[{"href":"https:\/\/comitati.fisi.org\/friuli-venezia-giulia\/wp-json\/wp\/v2\/types\/post"}],"author":[{"embeddable":true,"href":"https:\/\/comitati.fisi.org\/friuli-venezia-giulia\/wp-json\/wp\/v2\/users\/4"}],"replies":[{"embeddable":true,"href":"https:\/\/comitati.fisi.org\/friuli-venezia-giulia\/wp-json\/wp\/v2\/comments?post=71413"}],"version-history":[{"count":0,"href":"https:\/\/comitati.fisi.org\/friuli-venezia-giulia\/wp-json\/wp\/v2\/posts\/71413\/revisions"}],"wp:featuredmedia":[{"embeddable":true,"href":"https:\/\/comitati.fisi.org\/friuli-venezia-giulia\/wp-json\/wp\/v2\/media\/71414"}],"wp:attachment":[{"href":"https:\/\/comitati.fisi.org\/friuli-venezia-giulia\/wp-json\/wp\/v2\/media?parent=71413"}],"wp:term":[{"taxonomy":"category","embeddable":true,"href":"https:\/\/comitati.fisi.org\/friuli-venezia-giulia\/wp-json\/wp\/v2\/categories?post=71413"},{"taxonomy":"post_tag","embeddable":true,"href":"https:\/\/comitati.fisi.org\/friuli-venezia-giulia\/wp-json\/wp\/v2\/tags?post=71413"}],"curies":[{"name":"wp","href":"https:\/\/api.w.org\/{rel}","templated":true}]}}