{"id":71391,"date":"2020-10-29T11:17:59","date_gmt":"2020-10-29T10:17:59","guid":{"rendered":"https:\/\/www.fisifvg.org\/?p=71391"},"modified":"2020-10-29T11:17:59","modified_gmt":"2020-10-29T10:17:59","slug":"test-valutativi-a-rovereto-per-i-5-fondisti-fvg-delle-squadra-milano-cortina-2026","status":"publish","type":"post","link":"https:\/\/comitati.fisi.org\/friuli-venezia-giulia\/blog\/2020\/10\/29\/test-valutativi-a-rovereto-per-i-5-fondisti-fvg-delle-squadra-milano-cortina-2026\/","title":{"rendered":"Test valutativi a Rovereto per i 5 fondisti FVG delle squadra Milano Cortina 2026"},"content":{"rendered":"<p>Continuano a Rovereto (Tn) i test valutativi delle <strong>squadre nazionali di sci di fondo,<\/strong> in questi giorni \u00e8 il turno del <strong>team di Milano Cortina 2026.<\/strong><\/p>\n<p>Nei giorni scorsi si erano gi\u00e0 cimentati Giovanni Ticc\u00f2, <strong>Martina Di Centa,<\/strong> Mattia Armellini, <strong>Martin Coradazzi,<\/strong> Francesco Manzoni, Michele Gasperi e Giovanni Ticc\u00f2, adesso \u00e8 il turno di Caterina Ganz, Francesca Franchi, Martina Bellini, Nicole Monsorno, Paolo Ventura, Simone Da Pr\u00e0, Lorenzo Romano, Stefan Zelger, Michael Hellweger, Anna Comarella, <strong>Cristina Pittin, Luca Del Fabbro e Davide Graz,<\/strong> impegnati fra oggi e domani.<br \/>\nIn loro compagnia i tecnici Simone Paredi, Fulvio Scola e Renato Pasini.<\/p>\n","protected":false},"excerpt":{"rendered":"<p>Nei giorni scorsi si erano cimentati Martina Di Centa e Martin Coradazzi, ora \u00e8 il turno di Cristina Pittin, Luca Del Fabbro e Davide Graz<\/p>\n","protected":false},"author":4,"featured_media":69382,"comment_status":"closed","ping_status":"closed","sticky":false,"template":"","format":"standard","meta":{"_acf_changed":false,"footnotes":""},"categories":[11],"tags":[],"acf":[],"_links":{"self":[{"href":"https:\/\/comitati.fisi.org\/friuli-venezia-giulia\/wp-json\/wp\/v2\/posts\/71391"}],"collection":[{"href":"https:\/\/comitati.fisi.org\/friuli-venezia-giulia\/wp-json\/wp\/v2\/posts"}],"about":[{"href":"https:\/\/comitati.fisi.org\/friuli-venezia-giulia\/wp-json\/wp\/v2\/types\/post"}],"author":[{"embeddable":true,"href":"https:\/\/comitati.fisi.org\/friuli-venezia-giulia\/wp-json\/wp\/v2\/users\/4"}],"replies":[{"embeddable":true,"href":"https:\/\/comitati.fisi.org\/friuli-venezia-giulia\/wp-json\/wp\/v2\/comments?post=71391"}],"version-history":[{"count":0,"href":"https:\/\/comitati.fisi.org\/friuli-venezia-giulia\/wp-json\/wp\/v2\/posts\/71391\/revisions"}],"wp:featuredmedia":[{"embeddable":true,"href":"https:\/\/comitati.fisi.org\/friuli-venezia-giulia\/wp-json\/wp\/v2\/media\/69382"}],"wp:attachment":[{"href":"https:\/\/comitati.fisi.org\/friuli-venezia-giulia\/wp-json\/wp\/v2\/media?parent=71391"}],"wp:term":[{"taxonomy":"category","embeddable":true,"href":"https:\/\/comitati.fisi.org\/friuli-venezia-giulia\/wp-json\/wp\/v2\/categories?post=71391"},{"taxonomy":"post_tag","embeddable":true,"href":"https:\/\/comitati.fisi.org\/friuli-venezia-giulia\/wp-json\/wp\/v2\/tags?post=71391"}],"curies":[{"name":"wp","href":"https:\/\/api.w.org\/{rel}","templated":true}]}}