{"id":71366,"date":"2020-10-28T13:46:29","date_gmt":"2020-10-28T12:46:29","guid":{"rendered":"https:\/\/www.fisifvg.org\/?p=71366"},"modified":"2020-10-28T13:46:29","modified_gmt":"2020-10-28T12:46:29","slug":"tutto-cio-che-ce-da-sapere-per-la-stagione-venerdi-diretta-streaming-con-il-presidente-roda","status":"publish","type":"post","link":"https:\/\/comitati.fisi.org\/friuli-venezia-giulia\/blog\/2020\/10\/28\/tutto-cio-che-ce-da-sapere-per-la-stagione-venerdi-diretta-streaming-con-il-presidente-roda\/","title":{"rendered":"Tutto ci\u00f2 che c&#8217;\u00e8 da sapere per la stagione: venerd\u00ec diretta streaming con il Presidente Roda"},"content":{"rendered":"<p>Come gestire gare e allenamenti nelle discipline invernali? Che protocolli attivare? Sono domande che gli Sci Club si pongono all&#8217;inizio della stagione invernale. Il <strong>Presidente della FISI, Flavio Roda<\/strong> ha gi\u00e0 provveduto a diramare le direttive, ma per approfondire ancor pi\u00f9 e ancor meglio gli argomenti che preoccupano tecnici e atleti in questa fase iniziale della stagione agonistica il Presidente si rende disponibile ad un incontro, naturalmente virtuale, con tutti coloro che desiderano approfondire l&#8217;argomento.<\/p>\n<p><strong>Il meeting virtuale \u00e8 programmato per venerd\u00ec 30 ottobre, a partire dalle 15, sui canali <a href=\"https:\/\/www.facebook.com\/FISIFederazioneItalianaSportInvernali\">Facebook<\/a> e <a href=\"https:\/\/www.instagram.com\/federazione_sport_invernali\/\">Instagram<\/a> della Federazione Italiana Sport Invernali.<\/strong> Saranno presenti all&#8217;incontro anche il Presidente della Commissione Medica FISI, dott. Andrea Panzeri, e il responsabile Covid, dott. Giovanni Montani, che potranno illustrare al meglio le direttive dal punto di vista sanitario.<\/p>\n<p>Sar\u00e0 anche l&#8217;occasione per proclamare ufficialmente il vincitore dell&#8217;Atleta dell&#8217;Anno FISI 2020. Nella parte finale del meeting, infatti, sar\u00e0 lo stesso Presidente Roda a dare l&#8217;annuncio ufficiale di chi avr\u00e0 vinto il duello tra Federica Brignone e Dorothea Wierer, le due finaliste che hanno raccolto il maggior numero di voti da appassionati e addetti ai lavori.<\/p>\n<p>L&#8217;appuntamento da non perdere, quindi \u00e8 per venerd\u00ec, 30 ottobre, a partire dalle 15 sui canali Facebook e Instagram della FISI.<\/p>\n<p>L&#8217;albo d&#8217;oro completo ATLETA DELL&#8217;ANNO:<\/p>\n<p>2019 &#8211; Dorothea Wierer (biathlon)<br \/>\n2018 &#8211; Sofia Goggia (sci alpino)<br \/>\n2017 &#8211; Sofia Goggia (sci alpino)<br \/>\n2016 &#8211; Federico Pellegrino (sci di fondo)<br \/>\n<strong>2015 &#8211; Alessandro Pittin (combinata nordica)<\/strong><br \/>\n2014 &#8211; Armin Zoeggeler (slittino)<br \/>\n2013 &#8211; Dominik Paris (sci alpino) e Christof Innerhofer (sci alpino)<br \/>\n2012 &#8211; Cristian Deville (sci alpino)<br \/>\n2011 &#8211; Christof Innerhofer (sci alpino)<br \/>\n2010 &#8211; Giuliano Razzoli (sci alpino)<br \/>\n2009 &#8211; Arianna Follis (sci di fondo)<br \/>\n2008 &#8211; Denise Karbon (sci alpino)<br \/>\n2007 &#8211; Manfred Moelgg (sci alpino)<br \/>\n<strong>2006 &#8211; Giorgio Di Centa (sci di fondo)<\/strong><br \/>\n<strong>2005 &#8211; Pietro Piller Cottrer (sci di fondo)<\/strong><br \/>\n<strong>2004 &#8211; Gabriella Paruzzi (sci di fondo)<\/strong><br \/>\n2003 &#8211; Karen Putzer (sci alpino)<br \/>\n2002 &#8211; Daniela Ceccarelli (sci alpino) e <strong>Gabriella Paruzzi (sci di fondo)<\/strong><br \/>\n2001 &#8211; Isolde Kostner (sci alpino)<br \/>\n2000 &#8211; Kristian Ghedina (sci alpino)<br \/>\n1999 &#8211; Stefania Belmondo (sci di fondo)<br \/>\n1998 &#8211; Deborah Compagnoni (sci alpino)<br \/>\n1997 &#8211; Deborah Compagnoni (sci alpino)<br \/>\n<strong>1996 &#8211; Manuela Di Centa (sci di fondo)<\/strong><br \/>\n1995 &#8211; Alberto Tomba (sci alpino) e <strong>Silvio Fauner (sci di fondo)<\/strong><br \/>\n<strong>1994 &#8211; Manuela Di Centa (sci di fondo)<\/strong><br \/>\n1993 &#8211; Stefania Belmondo (sci di fondo)<br \/>\n1992 &#8211; Stefania Belmondo (sci di fondo)<br \/>\n1991 &#8211; Stefania Belmondo (sci di fondo)<br \/>\n1990 &#8211; Kristian Ghedina (sci alpino)<br \/>\n<strong>1989 &#8211; Manuela Di Centa (sci di fondo)<\/strong><br \/>\n1988 &#8211; Alberto Tomba (sci alpino)<br \/>\n1987 &#8211; Maurilio De Zolt (sci di fondo)<br \/>\n1986 &#8211; Michael Mair (sci alpino)<br \/>\n1985 &#8211; Maurilio De Zolt (sci di fondo)<\/p>\n<p><em><strong>(in neretto i vincitori FVG)<\/strong><\/em><\/p>\n","protected":false},"excerpt":{"rendered":"<p>Il meeting virtuale \u00e8 programmato a partire dalle 15 sui canali Facebook e Instagram della Federazione Italiana Sport Invernali<\/p>\n","protected":false},"author":4,"featured_media":70877,"comment_status":"closed","ping_status":"closed","sticky":false,"template":"","format":"standard","meta":{"_acf_changed":false,"footnotes":""},"categories":[21],"tags":[],"acf":[],"_links":{"self":[{"href":"https:\/\/comitati.fisi.org\/friuli-venezia-giulia\/wp-json\/wp\/v2\/posts\/71366"}],"collection":[{"href":"https:\/\/comitati.fisi.org\/friuli-venezia-giulia\/wp-json\/wp\/v2\/posts"}],"about":[{"href":"https:\/\/comitati.fisi.org\/friuli-venezia-giulia\/wp-json\/wp\/v2\/types\/post"}],"author":[{"embeddable":true,"href":"https:\/\/comitati.fisi.org\/friuli-venezia-giulia\/wp-json\/wp\/v2\/users\/4"}],"replies":[{"embeddable":true,"href":"https:\/\/comitati.fisi.org\/friuli-venezia-giulia\/wp-json\/wp\/v2\/comments?post=71366"}],"version-history":[{"count":0,"href":"https:\/\/comitati.fisi.org\/friuli-venezia-giulia\/wp-json\/wp\/v2\/posts\/71366\/revisions"}],"wp:featuredmedia":[{"embeddable":true,"href":"https:\/\/comitati.fisi.org\/friuli-venezia-giulia\/wp-json\/wp\/v2\/media\/70877"}],"wp:attachment":[{"href":"https:\/\/comitati.fisi.org\/friuli-venezia-giulia\/wp-json\/wp\/v2\/media?parent=71366"}],"wp:term":[{"taxonomy":"category","embeddable":true,"href":"https:\/\/comitati.fisi.org\/friuli-venezia-giulia\/wp-json\/wp\/v2\/categories?post=71366"},{"taxonomy":"post_tag","embeddable":true,"href":"https:\/\/comitati.fisi.org\/friuli-venezia-giulia\/wp-json\/wp\/v2\/tags?post=71366"}],"curies":[{"name":"wp","href":"https:\/\/api.w.org\/{rel}","templated":true}]}}