{"id":71363,"date":"2020-10-28T08:50:51","date_gmt":"2020-10-28T07:50:51","guid":{"rendered":"https:\/\/www.fisifvg.org\/?p=71363"},"modified":"2020-10-28T08:50:51","modified_gmt":"2020-10-28T07:50:51","slug":"anche-la-regione-fvg-al-lavoro-sul-protocollo-per-la-gestione-degli-impianti-di-risalita","status":"publish","type":"post","link":"https:\/\/comitati.fisi.org\/friuli-venezia-giulia\/blog\/2020\/10\/28\/anche-la-regione-fvg-al-lavoro-sul-protocollo-per-la-gestione-degli-impianti-di-risalita\/","title":{"rendered":"Anche la Regione FVG al lavoro sul Protocollo per la gestione degli impianti di risalita"},"content":{"rendered":"<p>L&#8217;<strong>assessore alle Attivit\u00e0 produttive e turismo della Regione FVG, Sergio Emidio Bini<\/strong>, ha preso parte ieri pomeriggio alla riunione della Commissione Turismo della Conferenza delle Regioni che ha dato il<strong> via libera al Protocollo per la gestione degli impianti di risalita in montagna.<\/strong><\/p>\n<p>Il documento \u00e8 previsto dall&#8217;ultimo Dpcm del 24 ottobre, nel quale il Governo ha subordinato l&#8217;apertura degli impianti di risalita all&#8217;adozione di un adeguato protocollo di contenimento del Covid-19.<\/p>\n<p>&#8220;Le cinque Regioni dell&#8217;arco Alpino, tra cui il Friuli Venezia Giulia, hanno collaborato all&#8217;implementazione dell&#8217;atto iniziando a lavorare al testo in anticipo, con l&#8217;obiettivo di salvare la stagione invernale&#8221; ha spiegato Bini, specificando che &#8220;le Regioni si sono attivate perch\u00e9 ritengono importante farsi trovare pronte a garantire un&#8217;eventuale riapertura in sicurezza, fermo restando che stiamo seguendo attentamente l&#8217;evolversi della situazione sanitaria e le ulteriori decisioni del Governo rispetto allo sviluppo che la pandemia potr\u00e0 avere nelle prossime settimane&#8221;.<\/p>\n<p>La bozza del Protocollo approvata ieri sar\u00e0 trasmessa alla Conferenza Stato-Regioni e al Comitato tecnico scientifico; in caso di approvazione definitiva, il provvedimento sar\u00e0 adottato per gli impianti a fune di tutta Italia.<\/p>\n<p>A margine della riunione della Commissione, gli assessori regionali al Turismo si sono confrontati anche sulla prospettiva di utilizzo delle risorse del Recovery Fund. &#8220;Auspichiamo che una quota parte del Recovery Fund venga destinata al turismo, uno dei settori che concorre maggiormente al Pil nazionale &#8211; ha commentato Bini &#8211; e riteniamo che le Regioni debbano avere l&#8217;opportunit\u00e0 di essere i soggetti proponenti dei progetti che il Governo presenter\u00e0 alla Commissione europea. Questo perch\u00e9 le amministrazioni regionali stanno gi\u00e0 lavorando ad iniziative che potrebbero essere coordinate in un unico Piano di rilancio straordinario di investimenti strutturali e infrastrutturali, che tenga conto anche di nuovi modelli di sviluppo turistico&#8221;.<\/p>\n","protected":false},"excerpt":{"rendered":"<p>L&#8217;assessore regionale alle Attivit\u00e0 produttive e turismo Bini ha preso parte ieri pomeriggio alla riunione della Commissione Turismo della Conferenza delle Regioni<\/p>\n","protected":false},"author":4,"featured_media":24828,"comment_status":"closed","ping_status":"closed","sticky":false,"template":"","format":"standard","meta":{"_acf_changed":false,"footnotes":""},"categories":[10,17],"tags":[],"acf":[],"_links":{"self":[{"href":"https:\/\/comitati.fisi.org\/friuli-venezia-giulia\/wp-json\/wp\/v2\/posts\/71363"}],"collection":[{"href":"https:\/\/comitati.fisi.org\/friuli-venezia-giulia\/wp-json\/wp\/v2\/posts"}],"about":[{"href":"https:\/\/comitati.fisi.org\/friuli-venezia-giulia\/wp-json\/wp\/v2\/types\/post"}],"author":[{"embeddable":true,"href":"https:\/\/comitati.fisi.org\/friuli-venezia-giulia\/wp-json\/wp\/v2\/users\/4"}],"replies":[{"embeddable":true,"href":"https:\/\/comitati.fisi.org\/friuli-venezia-giulia\/wp-json\/wp\/v2\/comments?post=71363"}],"version-history":[{"count":0,"href":"https:\/\/comitati.fisi.org\/friuli-venezia-giulia\/wp-json\/wp\/v2\/posts\/71363\/revisions"}],"wp:featuredmedia":[{"embeddable":true,"href":"https:\/\/comitati.fisi.org\/friuli-venezia-giulia\/wp-json\/wp\/v2\/media\/24828"}],"wp:attachment":[{"href":"https:\/\/comitati.fisi.org\/friuli-venezia-giulia\/wp-json\/wp\/v2\/media?parent=71363"}],"wp:term":[{"taxonomy":"category","embeddable":true,"href":"https:\/\/comitati.fisi.org\/friuli-venezia-giulia\/wp-json\/wp\/v2\/categories?post=71363"},{"taxonomy":"post_tag","embeddable":true,"href":"https:\/\/comitati.fisi.org\/friuli-venezia-giulia\/wp-json\/wp\/v2\/tags?post=71363"}],"curies":[{"name":"wp","href":"https:\/\/api.w.org\/{rel}","templated":true}]}}