{"id":71356,"date":"2020-10-27T14:14:45","date_gmt":"2020-10-27T13:14:45","guid":{"rendered":"https:\/\/www.fisifvg.org\/?p=71356"},"modified":"2020-10-27T14:14:45","modified_gmt":"2020-10-27T13:14:45","slug":"il-meteo-condiziona-gli-allenamenti-di-buzzi-della-mea-e-degli-altri-azzurri","status":"publish","type":"post","link":"https:\/\/comitati.fisi.org\/friuli-venezia-giulia\/blog\/2020\/10\/27\/il-meteo-condiziona-gli-allenamenti-di-buzzi-della-mea-e-degli-altri-azzurri\/","title":{"rendered":"Il meteo condiziona gli allenamenti di Buzzi, Della Mea e degli altri azzurri"},"content":{"rendered":"<p>Le difficili condizioni meteorologiche stanno condizionando la settimana di allenamento delle<strong> squadre di Coppa del mondo di sci alpino<\/strong> impegnate sul ghiacciaio della Val Senales, dove sono caduti nelle ultime ore 40 centimetri di neve. Il team dei gigantisti, gi\u00e0 presente in loco con Giovanni Borsotti, Luca De Aliprandini, Hannes Zingerle, Roberto Nani, Simon Maurberger e Alex Vinatzer, \u00e8 stato costretto a rientrare in albergo, e il programma dei prossimi giorni (il soggiorno dovrebbe terinare venerd\u00ec 30 ottobre) \u00e8 stato riaggiornato con un giorno di supergigante e due di parallelo, in preparazione dell&#8217;appuntamento di Lech (Aut) di sabato 14 novembre.<\/p>\n<p>Posticipata di un giorno anche la partenza del trio Elite femminile, con Marta Bassino, Federica Brignone e Sofia Goggia, alle quali si aggiungono per l&#8217;occasione Roberta Melesi e Laura Pirovano che arriveranno soltanto oggi e si tratterranno fino a sabato 31 ottobre, cominciando con un po&#8217; di supergigante sulla pista Leo Gurschler. Anche le slalomiste con Marta Rossetti, Irene Curtoni, Martina Peterlini e<strong> Lara Della Mea<\/strong> arriveranno solamente mercoled\u00ec 28 ottobre.<\/p>\n<p>In difficolt\u00e0 anche i velocisti a Pitztal (Aut) con Dominik Paris, <strong>Emanuele Buzzi <em>(oggi 26enne, auguri!),<\/em><\/strong> Mattia Casse, Christof Innerhofer, Matteo Marsaglia e Alexander Prast, impegnati fino a venerd\u00ec 30 ottobre.<br \/>\nA Pitztal, infatti, sono caduti 50 centimetri di neve fra ieri sera e stamattina e, oggi, tutta la squadra \u00e8 rimasta a valle. Ieri, erano riusciti a fare solo pochi giri, e si attende un miglioramento del meteo per i prossimi giorni. I tecnici valuteranno se sar\u00e0 il caso di prolungare il ritiro o meno.<\/p>\n","protected":false},"excerpt":{"rendered":"<p>Tanta la neve caduta a Pitztal e in Val Senales<\/p>\n","protected":false},"author":4,"featured_media":69529,"comment_status":"closed","ping_status":"closed","sticky":false,"template":"","format":"standard","meta":{"_acf_changed":false,"footnotes":""},"categories":[10,15],"tags":[],"acf":[],"_links":{"self":[{"href":"https:\/\/comitati.fisi.org\/friuli-venezia-giulia\/wp-json\/wp\/v2\/posts\/71356"}],"collection":[{"href":"https:\/\/comitati.fisi.org\/friuli-venezia-giulia\/wp-json\/wp\/v2\/posts"}],"about":[{"href":"https:\/\/comitati.fisi.org\/friuli-venezia-giulia\/wp-json\/wp\/v2\/types\/post"}],"author":[{"embeddable":true,"href":"https:\/\/comitati.fisi.org\/friuli-venezia-giulia\/wp-json\/wp\/v2\/users\/4"}],"replies":[{"embeddable":true,"href":"https:\/\/comitati.fisi.org\/friuli-venezia-giulia\/wp-json\/wp\/v2\/comments?post=71356"}],"version-history":[{"count":0,"href":"https:\/\/comitati.fisi.org\/friuli-venezia-giulia\/wp-json\/wp\/v2\/posts\/71356\/revisions"}],"wp:featuredmedia":[{"embeddable":true,"href":"https:\/\/comitati.fisi.org\/friuli-venezia-giulia\/wp-json\/wp\/v2\/media\/69529"}],"wp:attachment":[{"href":"https:\/\/comitati.fisi.org\/friuli-venezia-giulia\/wp-json\/wp\/v2\/media?parent=71356"}],"wp:term":[{"taxonomy":"category","embeddable":true,"href":"https:\/\/comitati.fisi.org\/friuli-venezia-giulia\/wp-json\/wp\/v2\/categories?post=71356"},{"taxonomy":"post_tag","embeddable":true,"href":"https:\/\/comitati.fisi.org\/friuli-venezia-giulia\/wp-json\/wp\/v2\/tags?post=71356"}],"curies":[{"name":"wp","href":"https:\/\/api.w.org\/{rel}","templated":true}]}}