{"id":71351,"date":"2020-10-27T10:09:30","date_gmt":"2020-10-27T09:09:30","guid":{"rendered":"https:\/\/www.fisifvg.org\/?p=71351"},"modified":"2020-10-27T10:09:30","modified_gmt":"2020-10-27T09:09:30","slug":"sono-54-i-giovani-fondisti-seguiti-dai-tecnici-dellus-aldo-moro","status":"publish","type":"post","link":"https:\/\/comitati.fisi.org\/friuli-venezia-giulia\/blog\/2020\/10\/27\/sono-54-i-giovani-fondisti-seguiti-dai-tecnici-dellus-aldo-moro\/","title":{"rendered":"Sono 54 i giovani fondisti seguiti dai tecnici dell&#8217;US Aldo Moro"},"content":{"rendered":"<p><em>Riceviamo dall&#8217;<strong>US Aldo Moro<\/strong> e volentieri pubblichiamo.<\/em><\/p>\n<p>La stagione invernale 2019-2020 di sci fondo per la societ\u00e0 sportiva Aldo Moro \u00e8 stata un trionfo, si \u00e8 aggiudicata l\u2019ennesima vittoria nella classifica generale federale sia nelle categorie giovani che in quelle senior. Grazie a questa spinta emotiva la societ\u00e0 di Paluzza riparte al meglio, potendosi vantare di ben 54 giovani atleti, cosa che rallegra molto dato il periodo cos\u00ec particolare causato dalla diffusione del COVID 19.<br \/>\nI ragazzi sono stati divisi in quattro gruppi in base alla loro et\u00e0: Team A composto da 10 atleti, et\u00e0 compresa tra i 15 e i 18 anni; Team B composto da 9 atleti, et\u00e0 compresa tra gli 11 e i 14 anni; Team C e D composto da bambini et\u00e0 compresa tra i 6 e i 10 anni.<\/p>\n<p>Nonostante la travagliata scorsa stagione causa pandemia, tutti gli atleti stanno cercando di allenarsi nel migliore dei modi. L\u2019attivit\u00e0 per i pi\u00f9 grandi \u00e8 iniziata dallo scorso maggio.<br \/>\nI ragazzi hanno sofferto il fatto di non poter affrontare i due ritiri estivi programmati annualmente, quello marittimo a Lignano e quello in alta quota a Livigno. Anche il responsabile tecnico e allenatore Gian Carlo Silverio ha sopperito all\u2019annullamento di tali ritiri; ha dovuto riprogrammare il periodo di allenamenti giugno-agosto cercando di mantenere alta la motivazione e lo spirito agonistico dei gruppi. Gli allenamenti si sono svolti in luoghi pi\u00f9 adatti, per poter sviluppare le caratteristiche necessarie agli atleti al fine di migliorare il gesto tecnico, effettuando le sedute sugli skiroll presso la pista del centro fondo di Forni Avoltri.<br \/>\nQuesto ha comportato uno sforzo sia da parte dei ragazzi che da parte degli allenatori, che si sono adeguati alle tempistiche necessarie sia per i trasporti che per i costi relativi.<br \/>\nLa societ\u00e0 Aldo Moro pu\u00f2 godere dell\u2019aiuto della Fondazione Friuli e anche dello storico sponsor Lavorazione Legnami Spa di Tolmezzo.<\/p>\n","protected":false},"excerpt":{"rendered":"<p>I ragazzi sono stati divisi in quattro gruppi in base alla loro et\u00e0<\/p>\n","protected":false},"author":4,"featured_media":71353,"comment_status":"closed","ping_status":"closed","sticky":false,"template":"","format":"standard","meta":{"_acf_changed":false,"footnotes":""},"categories":[11],"tags":[],"acf":[],"_links":{"self":[{"href":"https:\/\/comitati.fisi.org\/friuli-venezia-giulia\/wp-json\/wp\/v2\/posts\/71351"}],"collection":[{"href":"https:\/\/comitati.fisi.org\/friuli-venezia-giulia\/wp-json\/wp\/v2\/posts"}],"about":[{"href":"https:\/\/comitati.fisi.org\/friuli-venezia-giulia\/wp-json\/wp\/v2\/types\/post"}],"author":[{"embeddable":true,"href":"https:\/\/comitati.fisi.org\/friuli-venezia-giulia\/wp-json\/wp\/v2\/users\/4"}],"replies":[{"embeddable":true,"href":"https:\/\/comitati.fisi.org\/friuli-venezia-giulia\/wp-json\/wp\/v2\/comments?post=71351"}],"version-history":[{"count":0,"href":"https:\/\/comitati.fisi.org\/friuli-venezia-giulia\/wp-json\/wp\/v2\/posts\/71351\/revisions"}],"wp:featuredmedia":[{"embeddable":true,"href":"https:\/\/comitati.fisi.org\/friuli-venezia-giulia\/wp-json\/wp\/v2\/media\/71353"}],"wp:attachment":[{"href":"https:\/\/comitati.fisi.org\/friuli-venezia-giulia\/wp-json\/wp\/v2\/media?parent=71351"}],"wp:term":[{"taxonomy":"category","embeddable":true,"href":"https:\/\/comitati.fisi.org\/friuli-venezia-giulia\/wp-json\/wp\/v2\/categories?post=71351"},{"taxonomy":"post_tag","embeddable":true,"href":"https:\/\/comitati.fisi.org\/friuli-venezia-giulia\/wp-json\/wp\/v2\/tags?post=71351"}],"curies":[{"name":"wp","href":"https:\/\/api.w.org\/{rel}","templated":true}]}}