{"id":71340,"date":"2020-10-26T10:57:59","date_gmt":"2020-10-26T09:57:59","guid":{"rendered":"https:\/\/www.fisifvg.org\/?p=71340"},"modified":"2020-10-26T10:57:59","modified_gmt":"2020-10-26T09:57:59","slug":"il-presidente-della-fisi-roda-subito-regole-chiare-per-far-tornare-a-sciare-anche-i-turisti","status":"publish","type":"post","link":"https:\/\/comitati.fisi.org\/friuli-venezia-giulia\/blog\/2020\/10\/26\/il-presidente-della-fisi-roda-subito-regole-chiare-per-far-tornare-a-sciare-anche-i-turisti\/","title":{"rendered":"Il presidente della FISI Roda: \u00abSubito regole chiare per far tornare a sciare anche i turisti\u00bb"},"content":{"rendered":"<p>A seguito dell&#8217;emanazione del Dpcm del 24 ottobre, Skipass, il salone degli sport invernali \u00e8 stato annullato.<br \/>\nUn duro colpo per l&#8217;Ente Fiera, a soli quattro giorni dall&#8217;evento, ormai completamente progettato e in fase di allestimento, ma un grande dispiacere per la Federazione Italiana Sport Invernali, partner del salone, e per tutto il mondo della montagna, che, come tradizione, si d\u00e0 appuntamento a Modena per l&#8217;inizio della stagione invernale.<\/p>\n<p>&#8220;Skipass, da sempre, rappresenta il punto d&#8217;incontro di tutte le realt\u00e0 legate agli sport di montagna, che si aprono al pubblico, in vista della nuova stagione &#8211; ha detto il Presidente FISI, Flavio Roda -. E&#8217; un vero peccato che sia stata annullata l&#8217;edizione di questo 2020, ma i numeri del contagio parlano chiaro. Ci adeguiamo, tenendo presente per\u00f2 che va subito fatto un grande sforzo da parte del Governo, del Comitato tecnico scientifico, delle Regioni, a cui \u00e8 stata affidata la materia, perch\u00e9 si definiscano al pi\u00f9 presto le linee guida per permettere la riapertura anche ai turisti degli impianti sciistici. Gi\u00e0 da oggi, la Federazione e gli altri attori del comparto montano sono al lavoro per predisporre un documento comune da sottoporre quanto prima all\u2019attenzione del Cts\u201d.<\/p>\n<p>&#8220;Il mondo degli sport invernali garantisce lavoro a centinaia di migliaia di persone &#8211; ha proseguito Roda &#8211; con un indotto notevole sul Pil del Paese. In pi\u00f9, nel nostro sport \u00e8 impossibile contagiarsi sulle piste, vista l&#8217;attrezzatura che ogni sciatore veste per proteggersi dal freddo. Va fatta attenzione alla base degli impianti e nei rifugi, ma sono situazioni che sono assimilabili all&#8217;ingresso in un supermercato o in un bar: esistono regole ben precise ed \u00e8 sufficiente rispettarle&#8221;.<\/p>\n<p>&#8220;Ribadisco quindi quanto detto gi\u00e0 qualche giorno fa. Gli sport invernali devono tornare aperti a tutti, anche perch\u00e9 la stessa attivit\u00e0 agonistica di alto livello si fonda sull&#8217;attivit\u00e0 di base, sul lavoro degli sci club e dei maestri di sci che, crescendo i pi\u00f9 piccoli, mettono le condizioni perch\u00e9 si possano creare i campioni di domani. Il tutto nella massima sicurezza e in un ambiente aperto e sano&#8221;.<\/p>\n","protected":false},"excerpt":{"rendered":"<p>A seguito dell&#8217;emanazione del Dpcm del 24 ottobre, Skipass, il salone degli sport invernali, \u00e8 stato annullato<\/p>\n","protected":false},"author":4,"featured_media":30920,"comment_status":"closed","ping_status":"closed","sticky":false,"template":"","format":"standard","meta":{"_acf_changed":false,"footnotes":""},"categories":[21,10,17],"tags":[],"acf":[],"_links":{"self":[{"href":"https:\/\/comitati.fisi.org\/friuli-venezia-giulia\/wp-json\/wp\/v2\/posts\/71340"}],"collection":[{"href":"https:\/\/comitati.fisi.org\/friuli-venezia-giulia\/wp-json\/wp\/v2\/posts"}],"about":[{"href":"https:\/\/comitati.fisi.org\/friuli-venezia-giulia\/wp-json\/wp\/v2\/types\/post"}],"author":[{"embeddable":true,"href":"https:\/\/comitati.fisi.org\/friuli-venezia-giulia\/wp-json\/wp\/v2\/users\/4"}],"replies":[{"embeddable":true,"href":"https:\/\/comitati.fisi.org\/friuli-venezia-giulia\/wp-json\/wp\/v2\/comments?post=71340"}],"version-history":[{"count":0,"href":"https:\/\/comitati.fisi.org\/friuli-venezia-giulia\/wp-json\/wp\/v2\/posts\/71340\/revisions"}],"wp:featuredmedia":[{"embeddable":true,"href":"https:\/\/comitati.fisi.org\/friuli-venezia-giulia\/wp-json\/wp\/v2\/media\/30920"}],"wp:attachment":[{"href":"https:\/\/comitati.fisi.org\/friuli-venezia-giulia\/wp-json\/wp\/v2\/media?parent=71340"}],"wp:term":[{"taxonomy":"category","embeddable":true,"href":"https:\/\/comitati.fisi.org\/friuli-venezia-giulia\/wp-json\/wp\/v2\/categories?post=71340"},{"taxonomy":"post_tag","embeddable":true,"href":"https:\/\/comitati.fisi.org\/friuli-venezia-giulia\/wp-json\/wp\/v2\/tags?post=71340"}],"curies":[{"name":"wp","href":"https:\/\/api.w.org\/{rel}","templated":true}]}}