{"id":71294,"date":"2020-10-25T10:47:04","date_gmt":"2020-10-25T09:47:04","guid":{"rendered":"https:\/\/www.fisifvg.org\/?p=71294"},"modified":"2020-10-25T10:47:04","modified_gmt":"2020-10-25T09:47:04","slug":"lara-della-mea-si-sposta-per-gli-allenamenti-in-val-senales","status":"publish","type":"post","link":"https:\/\/comitati.fisi.org\/friuli-venezia-giulia\/blog\/2020\/10\/25\/lara-della-mea-si-sposta-per-gli-allenamenti-in-val-senales\/","title":{"rendered":"Lara Della Mea si sposta per gli allenamenti in Val Senales"},"content":{"rendered":"<p>Il quartetto di<strong> Coppa del mondo di slalom femminile<\/strong> composto da Irene Curtoni, <strong>Lara della Mea <em>(nella foto)<\/em><\/strong><em>,<\/em> Martina Peterlini e Marta Rossetti \u00e8 stato convocato per il raduno organizzato dal direttore tecnico Gianluca Rulfi che si terr\u00e0 da luned\u00ec 26 a gioved\u00ec 29 ottobre sulla pista Leo Gurschler della Val Senales insieme all&#8217;allenatore responsabile Matteo Guadagnini e al tecnico Davide Marchetti<\/p>\n","protected":false},"excerpt":{"rendered":"<p>Da luned\u00ec 26 a gioved\u00ec 29 ottobre sulla pista Leo Gurschler<\/p>\n","protected":false},"author":4,"featured_media":71243,"comment_status":"closed","ping_status":"closed","sticky":false,"template":"","format":"standard","meta":{"_acf_changed":false,"footnotes":""},"categories":[15],"tags":[],"acf":[],"_links":{"self":[{"href":"https:\/\/comitati.fisi.org\/friuli-venezia-giulia\/wp-json\/wp\/v2\/posts\/71294"}],"collection":[{"href":"https:\/\/comitati.fisi.org\/friuli-venezia-giulia\/wp-json\/wp\/v2\/posts"}],"about":[{"href":"https:\/\/comitati.fisi.org\/friuli-venezia-giulia\/wp-json\/wp\/v2\/types\/post"}],"author":[{"embeddable":true,"href":"https:\/\/comitati.fisi.org\/friuli-venezia-giulia\/wp-json\/wp\/v2\/users\/4"}],"replies":[{"embeddable":true,"href":"https:\/\/comitati.fisi.org\/friuli-venezia-giulia\/wp-json\/wp\/v2\/comments?post=71294"}],"version-history":[{"count":0,"href":"https:\/\/comitati.fisi.org\/friuli-venezia-giulia\/wp-json\/wp\/v2\/posts\/71294\/revisions"}],"wp:featuredmedia":[{"embeddable":true,"href":"https:\/\/comitati.fisi.org\/friuli-venezia-giulia\/wp-json\/wp\/v2\/media\/71243"}],"wp:attachment":[{"href":"https:\/\/comitati.fisi.org\/friuli-venezia-giulia\/wp-json\/wp\/v2\/media?parent=71294"}],"wp:term":[{"taxonomy":"category","embeddable":true,"href":"https:\/\/comitati.fisi.org\/friuli-venezia-giulia\/wp-json\/wp\/v2\/categories?post=71294"},{"taxonomy":"post_tag","embeddable":true,"href":"https:\/\/comitati.fisi.org\/friuli-venezia-giulia\/wp-json\/wp\/v2\/tags?post=71294"}],"curies":[{"name":"wp","href":"https:\/\/api.w.org\/{rel}","templated":true}]}}