{"id":71276,"date":"2020-10-22T11:57:24","date_gmt":"2020-10-22T09:57:24","guid":{"rendered":"https:\/\/www.fisifvg.org\/?p=71276"},"modified":"2020-10-22T11:57:24","modified_gmt":"2020-10-22T09:57:24","slug":"ritorna-a-mezzomonte-di-polcenigo-il-trofeo-body-evidence-di-skiroll","status":"publish","type":"post","link":"https:\/\/comitati.fisi.org\/friuli-venezia-giulia\/blog\/2020\/10\/22\/ritorna-a-mezzomonte-di-polcenigo-il-trofeo-body-evidence-di-skiroll\/","title":{"rendered":"Ritorna a Mezzomonte di Polcenigo il Trofeo Body Evidence di skiroll"},"content":{"rendered":"<p>Si svolger\u00e0 regolarmente il Trofeo Body Evidence, gara promozionale di skiroll in tecnica classica proposta da Body Evidence fitness center (<a href=\"http:\/\/www.bodyevidence.net\/\" target=\"_blank\" rel=\"noopener noreferrer\" data-saferedirecturl=\"https:\/\/www.google.com\/url?q=http:\/\/www.bodyevidence.net&amp;source=gmail&amp;ust=1603438792098000&amp;usg=AFQjCNGu8p2AuloeEAJwq4XW0lYwQeDMig\">www.bodyevidence.net<\/a>) in collaborazione con Rcs Carbonio, Kayak, L&#8217;Ess e il locale gruppo Alpini.<br \/>\nLa manifestazione, che in poche edizioni \u00e8 divenuta una classica del calendario autunnale della specialit\u00e0, si svolger\u00e0 sulla tradizionale salita che conduce a Mezzomonte (Polcenigo, provincia di Pordenone) ma con alcune leggere modifiche: la partenza verr\u00e0 data dalla piazza della frazione di Coltura, anzich\u00e9 da Gorgazzo, e ci\u00f2 consentir\u00e0 di sfruttare un tratto di asfalto appena realizzato. Il nuovo tracciato sar\u00e0 un po&#8217; pi\u00f9 breve del precedente: 5.5 chilometri e 480 metri di dislivello anzich\u00e9 6.2 chilometri e 450 metri di dislivello. La formula sar\u00e0 quella del cronometro: ogni concorrente partir\u00e0 ogni 30 secondi. Le iscrizioni sono possibili fino alle 22 di oggi, gioved\u00ec 22 ottobre.<\/p>\n<p>\u00abAbbiamo ottenute le necessarie autorizzazioni dalle autorit\u00e0 preposte e domenica il Trofeo Body Evidence si svolger\u00e0 regolarmente\u00bb spiega Alessandro Bolzan, dello staff organizzativo. \u00abNaturalmente, abbiamo messo in campo tutto ci\u00f2 che serve per garantire rispetto delle norme e sicurezza dei concorrenti. Non ci sar\u00e0, ad esempio, il pasta party finale ma ad ogni concorrente verr\u00e0 consegnato, prima del via, un cestino-ristoro insieme al pettorale. All&#8217;arrivo, ogni concorrente ricever\u00e0 una mascherina da indossare nel dopo gara. La cerimonia di premiazione sar\u00e0 ridotta all&#8217;essenziale\u00bb.<br \/>\n\u00abSar\u00e0, per ovvie ragioni, un&#8217;edizione ridotta rispetto a ci\u00f2 cui eravamo abituati ma abbiamo ritenuto giusto impegnarci al massimo per garantire ai tanti appassionati di skiroll una possibilit\u00e0 di confronto diretto\u00bb dice ancora Bolzan, che aggiunge: \u00abCrediamo che, nel rispetto delle norme, occorra fare tutto il possibile per far ripartire lo sport\u00bb.<\/p>\n<p><em><strong>(nella foto il podio maschile <a href=\"https:\/\/www.fisifvg.org\/2019\/10\/21\/skiroll-a-polcenigo-vince-cristina-pittin-secondo-mirco-romanin-terza-martina-di-centa\/\">dell&#8217;edizione 2019, con il carnico Mirco Romanin, allenatore responsabile della squadra nazionale Junior\/Giovani di biathlon, sul secondo gradino del podio<\/a>)<\/strong><\/em><\/p>\n","protected":false},"excerpt":{"rendered":"<p>La partenza verr\u00e0 data dalla piazza della frazione di Coltura, anzich\u00e9 da Gorgazzo, e ci\u00f2 consentir\u00e0 di sfruttare un tratto di asfalto appena realizzato<\/p>\n","protected":false},"author":4,"featured_media":71278,"comment_status":"closed","ping_status":"closed","sticky":false,"template":"","format":"standard","meta":{"_acf_changed":false,"footnotes":""},"categories":[11,23],"tags":[],"acf":[],"_links":{"self":[{"href":"https:\/\/comitati.fisi.org\/friuli-venezia-giulia\/wp-json\/wp\/v2\/posts\/71276"}],"collection":[{"href":"https:\/\/comitati.fisi.org\/friuli-venezia-giulia\/wp-json\/wp\/v2\/posts"}],"about":[{"href":"https:\/\/comitati.fisi.org\/friuli-venezia-giulia\/wp-json\/wp\/v2\/types\/post"}],"author":[{"embeddable":true,"href":"https:\/\/comitati.fisi.org\/friuli-venezia-giulia\/wp-json\/wp\/v2\/users\/4"}],"replies":[{"embeddable":true,"href":"https:\/\/comitati.fisi.org\/friuli-venezia-giulia\/wp-json\/wp\/v2\/comments?post=71276"}],"version-history":[{"count":0,"href":"https:\/\/comitati.fisi.org\/friuli-venezia-giulia\/wp-json\/wp\/v2\/posts\/71276\/revisions"}],"wp:featuredmedia":[{"embeddable":true,"href":"https:\/\/comitati.fisi.org\/friuli-venezia-giulia\/wp-json\/wp\/v2\/media\/71278"}],"wp:attachment":[{"href":"https:\/\/comitati.fisi.org\/friuli-venezia-giulia\/wp-json\/wp\/v2\/media?parent=71276"}],"wp:term":[{"taxonomy":"category","embeddable":true,"href":"https:\/\/comitati.fisi.org\/friuli-venezia-giulia\/wp-json\/wp\/v2\/categories?post=71276"},{"taxonomy":"post_tag","embeddable":true,"href":"https:\/\/comitati.fisi.org\/friuli-venezia-giulia\/wp-json\/wp\/v2\/tags?post=71276"}],"curies":[{"name":"wp","href":"https:\/\/api.w.org\/{rel}","templated":true}]}}