{"id":71144,"date":"2020-10-14T13:31:51","date_gmt":"2020-10-14T11:31:51","guid":{"rendered":"https:\/\/www.fisifvg.org\/?p=71144"},"modified":"2020-10-14T13:31:51","modified_gmt":"2020-10-14T11:31:51","slug":"roda-facciamo-chiarezza-gli-sport-invernali-ripartiranno-regolarmente","status":"publish","type":"post","link":"https:\/\/comitati.fisi.org\/friuli-venezia-giulia\/blog\/2020\/10\/14\/roda-facciamo-chiarezza-gli-sport-invernali-ripartiranno-regolarmente\/","title":{"rendered":"Roda: \u00abFacciamo chiarezza, gli sport invernali ripartiranno regolarmente\u00bb"},"content":{"rendered":"<p>&#8220;Noto che sui media si mette spesso in dubbio che lo sci turistico possa ripartire regolarmente e questa \u00e8 un&#8217;assurdit\u00e0 che va chiarita&#8221;. Cos\u00ec il presidente della Federazione Italiana Sport Invernali Flavio Roda in relazione alle diverse interpretazioni che vengono date da pi\u00f9 parti alla pratica sportiva degli sport della neve.<\/p>\n<p>&#8220;I nostri sport prevedono automaticamente il distanziamento &#8211; prosegue Roda &#8211; perch\u00e9 vengono praticati con attrezzi che rendono impossibile il contatto, e garantiscono il distanziamento. In pi\u00f9, gli sciatori sono gi\u00e0 molto protetti da guanti, occhiali, abbigliamento pesante, protezioni per bocca e naso e spesso anche il casco. Si tenga conto poi che si tratta di sport che si praticano all&#8217;aria aperta, in montagna, l&#8217;ambiente sicuramente pi\u00f9 sano, come molti italiani hanno certificato anche durante le scorse vacanze estive&#8221;.<\/p>\n<p>&#8220;Certo, bisogna fare attenzione nel mantenere le distanze sugli impianti di risalita, tenendo sempre la mascherina e il distanziamento, oppure nei rifugi, quando si prende una pausa: ma l\u00ec vigono le norme che regolano tutta la vita sociale, lo sci non fa certo differenza&#8221;.<\/p>\n<p>&#8220;Come prosegue il jogging, come proseguono altri sport praticati in strutture chiuse, a maggior ragione non ci sar\u00e0 e, non ci dovr\u00e0 essere, alcun problema per la pratica dello sci e degli altri sport invernali. Turisti, stazioni, comprensori, devono rimanere tranquilli e prepararsi a una stagione di sport. Questo messaggio deve essere molto chiaro per tutti. Non \u00e8 possibile dare interpretazioni diverse per uno sport che \u00e8 emblema di salubrit\u00e0 e purezza&#8221;.<\/p>\n","protected":false},"excerpt":{"rendered":"<p>Il presidente della Federazione Italiana Sport Invernali interviene in relazione alle diverse interpretazioni che vengono date da pi\u00f9 parti alla pratica sportiva degli sport della neve<\/p>\n","protected":false},"author":4,"featured_media":30802,"comment_status":"closed","ping_status":"closed","sticky":false,"template":"","format":"standard","meta":{"_acf_changed":false,"footnotes":""},"categories":[21,10,17],"tags":[],"acf":[],"_links":{"self":[{"href":"https:\/\/comitati.fisi.org\/friuli-venezia-giulia\/wp-json\/wp\/v2\/posts\/71144"}],"collection":[{"href":"https:\/\/comitati.fisi.org\/friuli-venezia-giulia\/wp-json\/wp\/v2\/posts"}],"about":[{"href":"https:\/\/comitati.fisi.org\/friuli-venezia-giulia\/wp-json\/wp\/v2\/types\/post"}],"author":[{"embeddable":true,"href":"https:\/\/comitati.fisi.org\/friuli-venezia-giulia\/wp-json\/wp\/v2\/users\/4"}],"replies":[{"embeddable":true,"href":"https:\/\/comitati.fisi.org\/friuli-venezia-giulia\/wp-json\/wp\/v2\/comments?post=71144"}],"version-history":[{"count":0,"href":"https:\/\/comitati.fisi.org\/friuli-venezia-giulia\/wp-json\/wp\/v2\/posts\/71144\/revisions"}],"wp:featuredmedia":[{"embeddable":true,"href":"https:\/\/comitati.fisi.org\/friuli-venezia-giulia\/wp-json\/wp\/v2\/media\/30802"}],"wp:attachment":[{"href":"https:\/\/comitati.fisi.org\/friuli-venezia-giulia\/wp-json\/wp\/v2\/media?parent=71144"}],"wp:term":[{"taxonomy":"category","embeddable":true,"href":"https:\/\/comitati.fisi.org\/friuli-venezia-giulia\/wp-json\/wp\/v2\/categories?post=71144"},{"taxonomy":"post_tag","embeddable":true,"href":"https:\/\/comitati.fisi.org\/friuli-venezia-giulia\/wp-json\/wp\/v2\/tags?post=71144"}],"curies":[{"name":"wp","href":"https:\/\/api.w.org\/{rel}","templated":true}]}}