{"id":71137,"date":"2020-10-14T09:58:00","date_gmt":"2020-10-14T07:58:00","guid":{"rendered":"https:\/\/www.fisifvg.org\/?p=71137"},"modified":"2020-10-14T09:58:00","modified_gmt":"2020-10-14T07:58:00","slug":"affiliazione-e-riaffiliazione-20-21-prorogato-il-bonus-di-500-euro","status":"publish","type":"post","link":"https:\/\/comitati.fisi.org\/friuli-venezia-giulia\/blog\/2020\/10\/14\/affiliazione-e-riaffiliazione-20-21-prorogato-il-bonus-di-500-euro\/","title":{"rendered":"Affiliazione e riaffiliazione 20-21, prorogato il bonus di 500 euro"},"content":{"rendered":"<p><em>Pubblichiamo un&#8217;importante comunicazione agli sci club da parte del<strong> presidente della FISI Flavio Roda.<\/strong><\/em><\/p>\n<p>Egregi Presidenti,<\/p>\n<p>faccio seguito alla mia precedente nota dello scorso 1 aprile, quando in piena emergenza sanitaria, il Consiglio Federale aveva deliberato di prevedere un contributo di \u20ac 500,00 depositato sul borsellino, da utilizzare per la prima affiliazione o la riaffiliazione qualora fosse avvenuta entro il 30 settembre u.s.<\/p>\n<p>Purtroppo le criticit\u00e0 derivanti dall\u2019attuale situazione epidemiologica rendono ancora difficile la programmazione della ripresa dell\u2019attivit\u00e0 nel breve periodo, per cui \u2013 dopo aver condiviso nel corso dell\u2019ultima riunione di Consulta Nazionale la proroga del periodo entro il quale beneficiare della contribuzione sul borsellino societario \u2013 mi preme indicarVi che la scadenza del termine per l\u2019affiliazione\/riaffiliazione \u00e8 posticipata al 31\/12\/2020.<\/p>\n<p>Ci\u00f2 significa che chi si riaffilier\u00e0 entro la summenzionata data, si vedr\u00e0 automaticamente caricato sul borsellino il contributo di \u20ac 500,00.<\/p>\n<p>Auspicando un ritorno alla normalit\u00e0 quanto prima, fiduciosi di aver fatto cosa gradita, Vi ringrazio nuovamente per gli sforzi profusi e invio i pi\u00f9 cordiali saluti.<\/p>\n<p><strong>FLAVIO RODA<\/strong><\/p>\n<p>&nbsp;<\/p>\n","protected":false},"excerpt":{"rendered":"<p>Importante comunicazione agli sci club da parte del presidente della FISI Flavio Roda<\/p>\n","protected":false},"author":4,"featured_media":32759,"comment_status":"closed","ping_status":"closed","sticky":false,"template":"","format":"standard","meta":{"_acf_changed":false,"footnotes":""},"categories":[21,17],"tags":[],"acf":[],"_links":{"self":[{"href":"https:\/\/comitati.fisi.org\/friuli-venezia-giulia\/wp-json\/wp\/v2\/posts\/71137"}],"collection":[{"href":"https:\/\/comitati.fisi.org\/friuli-venezia-giulia\/wp-json\/wp\/v2\/posts"}],"about":[{"href":"https:\/\/comitati.fisi.org\/friuli-venezia-giulia\/wp-json\/wp\/v2\/types\/post"}],"author":[{"embeddable":true,"href":"https:\/\/comitati.fisi.org\/friuli-venezia-giulia\/wp-json\/wp\/v2\/users\/4"}],"replies":[{"embeddable":true,"href":"https:\/\/comitati.fisi.org\/friuli-venezia-giulia\/wp-json\/wp\/v2\/comments?post=71137"}],"version-history":[{"count":0,"href":"https:\/\/comitati.fisi.org\/friuli-venezia-giulia\/wp-json\/wp\/v2\/posts\/71137\/revisions"}],"wp:featuredmedia":[{"embeddable":true,"href":"https:\/\/comitati.fisi.org\/friuli-venezia-giulia\/wp-json\/wp\/v2\/media\/32759"}],"wp:attachment":[{"href":"https:\/\/comitati.fisi.org\/friuli-venezia-giulia\/wp-json\/wp\/v2\/media?parent=71137"}],"wp:term":[{"taxonomy":"category","embeddable":true,"href":"https:\/\/comitati.fisi.org\/friuli-venezia-giulia\/wp-json\/wp\/v2\/categories?post=71137"},{"taxonomy":"post_tag","embeddable":true,"href":"https:\/\/comitati.fisi.org\/friuli-venezia-giulia\/wp-json\/wp\/v2\/tags?post=71137"}],"curies":[{"name":"wp","href":"https:\/\/api.w.org\/{rel}","templated":true}]}}