{"id":71048,"date":"2020-10-07T07:42:59","date_gmt":"2020-10-07T05:42:59","guid":{"rendered":"https:\/\/www.fisifvg.org\/?p=71048"},"modified":"2020-10-07T07:42:59","modified_gmt":"2020-10-07T05:42:59","slug":"anche-lisa-vittozzi-al-via-della-celebrazione-per-i-100-anni-della-fisi","status":"publish","type":"post","link":"https:\/\/comitati.fisi.org\/friuli-venezia-giulia\/blog\/2020\/10\/07\/anche-lisa-vittozzi-al-via-della-celebrazione-per-i-100-anni-della-fisi\/","title":{"rendered":"Anche Lisa Vittozzi al via della celebrazione per i 100 anni della FISI"},"content":{"rendered":"<p>Ha preso il via ieri con il Media Day FISI la celebrazione per i 100 anni della Federazione Italiana Sport Invernali che si \u00e8 svolta all&#8217;Hangar Bicocca di Milano. Il consueto incontro del Presidente Flavio Roda ha visto la partecipazione di sei campioni top degli sport invernali come Dorothea Wierer, Dominik Paris, Federica Brignone, Sofia Goggia, Michela Moioli e Federico Pellegrino.<\/p>\n<p>Ad impreziosire l&#8217;incontro erano presenti tanti ospiti di alto livello: a partire dal padrone di casa, Marco Tronchetti Provera, vicepresidente esecutivo e Ceo di Pirelli, che aprir\u00e0 l&#8217;incontro; quindi Massimo Galli, direttore del reparto malattie infettive dell&#8217;Ospedale Sacco di Milano con i vertici di Techdow, azienda partner della Federazione.<\/p>\n<p>E&#8217; stato presentato il &#8220;Libro del Centenario&#8221;, una pubblicazione alla cui realizzazione hanno partecipato le firme pi\u00f9 prestigiose degli sport invernali, cos\u00ec come \u00e8 stato annunciato il francobollo celebrativo del Centenario federale e la Fiera di Skipass (prevista a Modena dal 29 ottobre al 1 novembre) si \u00e8 presentata.<\/p>\n<div id=\"attachment_71050\" style=\"width: 510px\" class=\"wp-caption alignright\"><a href=\"http:\/\/comitati.fisi.org\/friuli-venezia-giulia\/wp-content\/uploads\/sites\/34\/2020\/10\/OK.jpg\"><img loading=\"lazy\" decoding=\"async\" aria-describedby=\"caption-attachment-71050\" class=\"wp-image-71050\" src=\"http:\/\/comitati.fisi.org\/friuli-venezia-giulia\/wp-content\/uploads\/sites\/34\/2020\/10\/OK-400x400.jpg\" alt=\"\" width=\"500\" height=\"333\" \/><\/a><p id=\"caption-attachment-71050\" class=\"wp-caption-text\">I top 30 azzurri<\/p><\/div>\n<p>La parte finale dell&#8217;incontro ha visto protagonisti i Mondiali di sci alpino di Cortina 2021, con Alessandro Benetton che ha aggiornato i media sul percorso di avvicinamento all&#8217;evento sportivo clou della stagione che sta per cominciare. In chiusura \u00e8 stata annunciata la partnership di FISI con TIM.<\/p>\n<p>&#8220;Sono stati mesi difficili &#8211; ha commentato il Presidente Roda -. Siamo stati costretti ad interrompere l&#8217;attivit\u00e0 il 23 febbraio e abbiamo seguito scrupolosmanete i\u00a0 protocolli che ci hanno consentito di riprendere gli allenamenti l&#8217;1 giugno. Grazie agli atleti e a tutte le squadre che si sono attenute alle direttive. Stiamo preparando un protocollo sanitario insieme alla Commisione Medica FISI che ci consentir\u00e0 di gareggiare e allenarci in sicurezza, abbiamo qualche settimana ancora per capire come evolver\u00e0 la situazione, ma abbiamo posto le basi affinch\u00e8 tutte le nostre squadre possano allenarsi. Con il nostro partner Techdow \u00e8 cominciata una sensibilizzazione per l&#8217;utilizzo delle mascherine, vogliamo essere fiduciosi per la ripresa, con molta attenzione&#8221;.<\/p>\n<p>Federica Brignone: &#8220;In questi difficili mesi ho avuto la fortuna di vivere in un bel posto e di avere a disposizione lo spazio a casa mia per mantenere la forma. Manca forse troppo poco all&#8217;esordio di Soelden, penso che nessun alteta si possa sentire pronto per il gigante austriaco, che \u00e8 anche anticipato di una settimana. Non sar\u00e0 comunque un problema, \u00e8 una gara che ha una storia a s\u00e8, a prescindere dal risultato sar\u00e0 una stagione lunga per raggiungere i nostri obiettivi&#8221;.<\/p>\n<p>Sofia Goggia: &#8220;Partire il 17 ottobre \u00e8 presto, a me \u00e8 mancato sinceramente il blocco in Argentina dove si d\u00e0 quantit\u00e0 e qualit\u00e0, cercheremo di dare fuoco alla legna che avremo, sfruttando al meglio le situazioni che si proporranno&#8221;.<\/p>\n<div id=\"attachment_71049\" style=\"width: 373px\" class=\"wp-caption alignright\"><a href=\"http:\/\/comitati.fisi.org\/friuli-venezia-giulia\/wp-content\/uploads\/sites\/34\/2020\/10\/WhatsApp-Image-2020-10-06-at-22.41.04.jpeg\"><img loading=\"lazy\" decoding=\"async\" aria-describedby=\"caption-attachment-71049\" class=\"wp-image-71049\" src=\"http:\/\/comitati.fisi.org\/friuli-venezia-giulia\/wp-content\/uploads\/sites\/34\/2020\/10\/WhatsApp-Image-2020-10-06-at-22.41.04-400x400.jpeg\" alt=\"\" width=\"363\" height=\"500\" \/><\/a><p id=\"caption-attachment-71049\" class=\"wp-caption-text\">Alberto Tomba &#8220;Atleta del Secolo FISI&#8221;<\/p><\/div>\n<p>Dorotha Wierer: &#8220;Siamo riusciti a lavorare bene in estate, quasi tutti gli allenamenti sono stati programmati in talia, questo ci ha dato tranquillit\u00e0. La stagione ci vedr\u00e0 impegnati in poche localit\u00e0 e probabilmente senza pubblico, dovremo adeguarci alla situazione perch\u00e8 sar\u00e0 cos\u00ec per tutti&#8221;.<\/p>\n<p>Federico Pellegrino: &#8220;Abbiamo ricominciato ad aprile, ad inizio agosto mi sono infortunato e sto ancora recuperando da una lesione al bicipite femorale, per\u00f2 abbiamo lavorato bene in fase di recupero, conto di arrivare pronto ad inizio stagione&#8221;.<\/p>\n<p>Dominik Paris: &#8220;Sono tornato sul ghiacciaio a sciare, le sensazioni sono quelle di sempre, io di solito in estate non scio troppo, l&#8217;mportante sar\u00e0 riuscire a lavorare bene nelle prossime settimane&#8221;.<\/p>\n<p>Michela Moioli: &#8220;Ogni anno si cerca di migliorare un pezzettino, anche nella preparazione fisica. Ogni stagione ci sono idee nuove che funzionano, speriamo che la mia formula magica continui a essere vincente&#8221;.<\/p>\n<p>Nel pomeriggio, sempre negli spazi dell&#8217;Hangar, Audi e FISI hanno consegnato le auto della nuova flotta di 30 autovetture ai campioni pi\u00f9 titolati degli sport invernali <em><strong>(<\/strong><\/em><strong>fra i quali Lisa Vittozzi<\/strong><em><strong>, nella foto di copertina<\/strong><\/em>). Un appuntamento ormai tradizionale che sancisce, una volta di pi\u00f9, il lungo ed efficace rapporto fra l&#8217;azienda dei Quattro Anelli e la Federazione.<\/p>\n<p>Infine,<strong> Alberto Tomba \u00e8 l&#8217;ATLETA DEL SECOLO FISI.<\/strong> Il campione bolognese e stato eletto il pi\u00f9 grande atleta degli sport invernali nel corso delle celebrazioni per il centenario della Federazione Italiana Sport Invernali, superando in finale con il 61% dei voti un altro grande campione come Gustavo Thoeni. L&#8217;esito del concorso svolto in collaborazione con <a href=\"http:\/\/www.gazzetta.it%2C\/\">www.gazzetta.it,<\/a> e&#8217; giunto al termine di alcune settimane di votazioni, che avevano visto al via 32 fra i pi\u00f9 grandi interpreti delle 15 discipline federali, che hanno contribuito a fare grande la FISI nella storia; fra essi c&#8217;erano <strong>Manuela Di Centa, Silvio Fauner, Gabriella Paruzzi, Giorgio Di Centa, Alessandro Pittin e Roberto Cecon.<\/strong><\/p>\n","protected":false},"excerpt":{"rendered":"<p>Nell&#8217;occasione Alberto Tomba si \u00e8 aggiudicato il titolo di &#8220;Atleta del Secolo FISI&#8221;<\/p>\n","protected":false},"author":4,"featured_media":71051,"comment_status":"closed","ping_status":"closed","sticky":false,"template":"","format":"standard","meta":{"_acf_changed":false,"footnotes":""},"categories":[13,10,17],"tags":[],"acf":[],"_links":{"self":[{"href":"https:\/\/comitati.fisi.org\/friuli-venezia-giulia\/wp-json\/wp\/v2\/posts\/71048"}],"collection":[{"href":"https:\/\/comitati.fisi.org\/friuli-venezia-giulia\/wp-json\/wp\/v2\/posts"}],"about":[{"href":"https:\/\/comitati.fisi.org\/friuli-venezia-giulia\/wp-json\/wp\/v2\/types\/post"}],"author":[{"embeddable":true,"href":"https:\/\/comitati.fisi.org\/friuli-venezia-giulia\/wp-json\/wp\/v2\/users\/4"}],"replies":[{"embeddable":true,"href":"https:\/\/comitati.fisi.org\/friuli-venezia-giulia\/wp-json\/wp\/v2\/comments?post=71048"}],"version-history":[{"count":0,"href":"https:\/\/comitati.fisi.org\/friuli-venezia-giulia\/wp-json\/wp\/v2\/posts\/71048\/revisions"}],"wp:featuredmedia":[{"embeddable":true,"href":"https:\/\/comitati.fisi.org\/friuli-venezia-giulia\/wp-json\/wp\/v2\/media\/71051"}],"wp:attachment":[{"href":"https:\/\/comitati.fisi.org\/friuli-venezia-giulia\/wp-json\/wp\/v2\/media?parent=71048"}],"wp:term":[{"taxonomy":"category","embeddable":true,"href":"https:\/\/comitati.fisi.org\/friuli-venezia-giulia\/wp-json\/wp\/v2\/categories?post=71048"},{"taxonomy":"post_tag","embeddable":true,"href":"https:\/\/comitati.fisi.org\/friuli-venezia-giulia\/wp-json\/wp\/v2\/tags?post=71048"}],"curies":[{"name":"wp","href":"https:\/\/api.w.org\/{rel}","templated":true}]}}