{"id":71034,"date":"2020-10-06T11:59:31","date_gmt":"2020-10-06T09:59:31","guid":{"rendered":"https:\/\/www.fisifvg.org\/?p=71034"},"modified":"2020-10-06T11:59:31","modified_gmt":"2020-10-06T09:59:31","slug":"iosonofisifvg-giulio-concina","status":"publish","type":"post","link":"https:\/\/comitati.fisi.org\/friuli-venezia-giulia\/blog\/2020\/10\/06\/iosonofisifvg-giulio-concina\/","title":{"rendered":"#IoSonoFisiFvg \u2013 GIULIO CONCINA"},"content":{"rendered":"<p>Tra marzo e maggio abbiamo proposto una rubrica,\u00a0<strong>#IoSonoFisiFvg,<\/strong>\u00a0che ha consentito di conoscere meglio gli atleti delle squadre di Comitato FISI FVG 2019-2020.<strong><br \/>\n<\/strong>Ora stiamo conoscendo anche i\u00a0<strong>volti nuovi inseriti in squadra nella stagione 2020-2021.<\/strong><br \/>\nOggi spazio allo snowboarder <strong>Giulio Concina<\/strong>.<\/p>\n<p><b><br \/>\nSci Club<\/b><span style=\"font-weight: 400\">: Bachmann Sport Collage<\/span><span style=\"font-weight: 400\"><br \/>\n<\/span><b>Dove vivi?<\/b><span style=\"font-weight: 400\"> Tarvisio<\/span><span style=\"font-weight: 400\"><br \/>\n<\/span><b>A che et\u00e0 hai iniziato a praticare lo snowboard? <\/b><span style=\"font-weight: 400\">A 10 anni<\/span><span style=\"font-weight: 400\"><br \/>\n<\/span><b>Ti \u00e8 piaciuto subito?<\/b><span style=\"font-weight: 400\"> S\u00ec<br \/>\n<\/span><b>Hai praticato altre discipline invernali? <\/b><span style=\"font-weight: 400\">Prima di praticare lo snowboard, sciavo<\/span><span style=\"font-weight: 400\"><br \/>\n<\/span><b><\/b><\/p>\n<div id=\"attachment_58775\" style=\"width: 510px\" class=\"wp-caption alignright\"><a href=\"http:\/\/comitati.fisi.org\/friuli-venezia-giulia\/wp-content\/uploads\/sites\/34\/2019\/03\/Michela-Moioli.jpg\"><img loading=\"lazy\" decoding=\"async\" aria-describedby=\"caption-attachment-58775\" class=\"wp-image-58775\" src=\"http:\/\/comitati.fisi.org\/friuli-venezia-giulia\/wp-content\/uploads\/sites\/34\/2019\/03\/Michela-Moioli-400x400.jpg\" alt=\"\" width=\"500\" height=\"256\" \/><\/a><p id=\"caption-attachment-58775\" class=\"wp-caption-text\">Michela Moioli<\/p><\/div>\n<p><b>Ti ricordi la prima gara?<\/b><span style=\"font-weight: 400\"> Se non sbaglio era a Madonna di Campiglio, una gara di freestyle. Avevo tanta, ma tanta ansia, essendo la mia prima gara e quando partivi ti guardavano tutti, quindi avevo anche paura di sbagliare<\/span><span style=\"font-weight: 400\"><br \/>\n<\/span><b>Chi \u00e8 il tuo allenatore?<\/b><span style=\"font-weight: 400\"> Stefano Secco e Daniele Calzavara: entrambi si fanno in due per noi, si impegnano, sono bravi e ci fanno lavorare il giusto<br \/>\n<\/span><b>Dove credi di dover migliorare?<\/b><span style=\"font-weight: 400\"> Credo di dover migliorare la mia postura e devo anche riuscire a tenere bene la tavola piatta<\/span><span style=\"font-weight: 400\"><br \/>\n<\/span><b>Qual \u00e8 la pista pi\u00f9 bella nella quale hai gareggiato? <\/b><span style=\"font-weight: 400\">Bolsterlang<\/span><span style=\"font-weight: 400\"><br \/>\n<\/span><b>E quello nel quale un giorno vorresti correre? <\/b><span style=\"font-weight: 400\">In una qualsiasi pista di Coppa del Mondo<\/span><span style=\"font-weight: 400\"><br \/>\n<\/span><b>La miglior gara della tua vita quando e dove \u00e8 stata?<\/b><span style=\"font-weight: 400\"> L\u2019anno scorso, quando mi sono trovato a gareggiare con persone grandi il doppio di me e scendendo lungo la pista sono riuscito a giocarmela. Infatti poi due sono caduti e io sono passato<br \/>\n<\/span><b>Chi \u00e8 l\u2019amico del cuore?<\/b><span style=\"font-weight: 400\"> Un mio compagno di scuola e di squadra, Noah Valas<\/span><span style=\"font-weight: 400\"><br \/>\n<\/span><b>Qual \u00e8 il tuo idolo, d\u2019infanzia e\/o attuale?<\/b><span style=\"font-weight: 400\"> Michela Moioli<\/span><span style=\"font-weight: 400\"><br \/>\n<\/span><b>\u00c8 possibile collimare scuola e sport? <\/b><span style=\"font-weight: 400\">S\u00ec, \u00e8 possibile, l\u2019importante \u00e8 impegnarsi e credere in se stessi<br \/>\n<\/span><b>Cos\u2019\u00e8 per te lo snowboard?<\/b><span style=\"font-weight: 400\"> Qualcosa di fantastico, una disciplina diversa dalle altre, la pi\u00f9 spericolata a mio parere, perch\u00e9 devi avere equilibrio, devi essere bravo a gestire la tavola, eccetera. Secondo me \u00e8 pi\u00f9 difficile rispetto allo sci<\/span><span style=\"font-weight: 400\"><br \/>\n<\/span><b><\/b><\/p>\n<div id=\"attachment_71035\" style=\"width: 510px\" class=\"wp-caption alignleft\"><a href=\"http:\/\/comitati.fisi.org\/friuli-venezia-giulia\/wp-content\/uploads\/sites\/34\/2020\/10\/Fast-and-Furious.jpg\"><img loading=\"lazy\" decoding=\"async\" aria-describedby=\"caption-attachment-71035\" class=\"wp-image-71035\" src=\"http:\/\/comitati.fisi.org\/friuli-venezia-giulia\/wp-content\/uploads\/sites\/34\/2020\/10\/Fast-and-Furious-400x400.jpg\" alt=\"\" width=\"500\" height=\"281\" \/><\/a><p id=\"caption-attachment-71035\" class=\"wp-caption-text\">Fast and Furious<\/p><\/div>\n<p><b>Il classico sogno nel cassetto?<\/b><span style=\"font-weight: 400\"> Vorrei arrivare alle Olimpiadi, entrare nei falconieri, disputare gare in tutto il mondo portando la giacca dell\u2019Italia e rappresentandola<\/span><span style=\"font-weight: 400\"><br \/>\n<\/span><b>Musica preferita?<\/b><span style=\"font-weight: 400\"> Il rap napoletano<\/span><span style=\"font-weight: 400\"><br \/>\n<\/span><b>Cantante preferito? <\/b><span style=\"font-weight: 400\">Geolier e Rocco Hunt.<\/span><span style=\"font-weight: 400\"><br \/>\n<\/span><b>Film preferito? <\/b><span style=\"font-weight: 400\">Fast&amp;Furious<br \/>\n<\/span><b>Attore preferito?<\/b><span style=\"font-weight: 400\"> Dominic Toretto<\/span><span style=\"font-weight: 400\"><br \/>\n<\/span><b>Sport extrasci preferito<\/b><span style=\"font-weight: 400\">? Ciclismo<\/span><span style=\"font-weight: 400\"><br \/>\n<\/span><b>Hai qualche hobby?<\/b><span style=\"font-weight: 400\"> Uscire con gli amici, giocare a calcio insieme e andare in bici<\/span><span style=\"font-weight: 400\"><br \/>\n<\/span><b>Social preferito? <\/b><span style=\"font-weight: 400\">Instagram e Tik Tok<\/span><span style=\"font-weight: 400\"><br \/>\n<\/span><b>Il luogo pi\u00f9 bello che hai visitato:<\/b><span style=\"font-weight: 400\"> Napoli e Ischia<\/span><span style=\"font-weight: 400\"><br \/>\n<\/span><b>Vorrei fare una vacanza a:<\/b><span style=\"font-weight: 400\"> insieme ad una mia amica vorrei andare alle Hawaii appena finisco il quinto anno a scuola<\/span><\/p>\n<p>&nbsp;<\/p>\n<p><strong>LEGGI LE ALTRE SCHEDE<\/strong><\/p>\n<p><a href=\"https:\/\/www.fisifvg.org\/2020\/10\/01\/iosonofisifvg-elia-spaliviero\/\">ELIA SPALIVIERO<\/a><br \/>\n<a href=\"https:\/\/www.fisifvg.org\/2020\/09\/16\/iosonofisifvg-maria-gismondi\/\">MARIA GISMONDI<\/a><br \/>\n<a href=\"https:\/\/www.fisifvg.org\/2020\/08\/22\/iosonofisifvg-luca-quinz\/\">LUCA QUINZ<\/a><br \/>\n<a href=\"https:\/\/www.fisifvg.org\/2020\/09\/05\/iosonofisifvg-giada-monegato\/\">GIADA MONEGATO<\/a><br \/>\n<a href=\"https:\/\/www.fisifvg.org\/2020\/09\/02\/iosonofisifvg-mattia-del-torre\/\">MATTIA DEL TORRE<\/a><br \/>\n<a href=\"https:\/\/www.fisifvg.org\/2020\/08\/24\/iosonofisifvg-alessandro-bellemo\/\">ALESSANDRO BELLEMO<\/a><br \/>\n<a href=\"https:\/\/www.fisifvg.org\/2020\/08\/21\/iosonofisifvg-francesco-la-grassa\/\">FRANCESCO LA GRASSA<\/a><br \/>\n<a href=\"https:\/\/www.fisifvg.org\/2020\/08\/18\/iosonofisifvg-nicolas-ribbi\/\">NICOLAS RIBBI<\/a><br \/>\n<a href=\"https:\/\/www.fisifvg.org\/2020\/08\/14\/iosonofisifvg-giulia-federicis\/\">GIULIA FEDERICIS<\/a><br \/>\n<a href=\"https:\/\/www.fisifvg.org\/2020\/08\/12\/iosonofisifvg-marco-gaudenzio\/\">MARCO GAUDENZIO<\/a><br \/>\n<a href=\"https:\/\/www.fisifvg.org\/2020\/08\/09\/iosonofisifvg-giacomo-tarussio\/\">GIACOMO TARUSSIO<\/a><br \/>\n<a href=\"https:\/\/www.fisifvg.org\/2020\/08\/06\/iosonofisifvg-sofia-colombo\/\">SOFIA COLOMBO<\/a><br \/>\n<a href=\"https:\/\/www.fisifvg.org\/2020\/07\/31\/iosonofisifvg-daniele-cochetti\/\">DANIELE COCHETTI<\/a><br \/>\n<a href=\"https:\/\/www.fisifvg.org\/2020\/07\/29\/iosonofisifvg-francesca-tessarolo\/\">FRANCESCA TESSAROLO<\/a><br \/>\n<a href=\"https:\/\/www.fisifvg.org\/2020\/07\/24\/iosonofisifvg-beatrice-costato\/\">BEATRICE COSTATO<\/a><\/p>\n<p><a href=\"https:\/\/www.fisifvg.org\/2020\/05\/17\/iosonofisifvg-luca-kerer\/\">LUCA KERER<\/a><br \/>\n<a href=\"https:\/\/www.fisifvg.org\/2020\/05\/14\/iosonofisifvg-alex-ostolidi\/\">ALEX OSTOLIDI<\/a><br \/>\n<a href=\"https:\/\/www.fisifvg.org\/2020\/05\/12\/iosonofisifvg-serena-del-fabbro\/\">SERENA DEL FABBRO<\/a><br \/>\n<a href=\"https:\/\/www.fisifvg.org\/2020\/05\/11\/iosonofisifvg-anna-dosso\/\">ANNA DOSSO<\/a><br \/>\n<a href=\"https:\/\/www.fisifvg.org\/2020\/05\/10\/iosonofisifvg-alberto-benedetti\/\">ALBERTO BENEDETTI<\/a><br \/>\n<a href=\"https:\/\/www.fisifvg.org\/2020\/05\/08\/iosonofisifvg-ludovica-del-bianco\/\">LUDOVICA DEL BIANCO<\/a><br \/>\n<a href=\"https:\/\/www.fisifvg.org\/2020\/05\/06\/iosonofisifvg-ilaria-scattolo\/\">ILARIA SCATTOLO<\/a><br \/>\n<a href=\"https:\/\/www.fisifvg.org\/2020\/05\/05\/iosonofisifvg-davide-graz\/\">DAVIDE GRAZ<\/a><br \/>\n<a href=\"https:\/\/www.fisifvg.org\/2020\/05\/03\/iosonofisifvg-andrea-gartner\/\">ANDREA GARTNER<\/a><br \/>\n<a href=\"https:\/\/www.fisifvg.org\/2020\/05\/02\/iosonofisifvg-giacomo-vidoni\/\">GIACOMO VIDONI<\/a><br \/>\n<a href=\"https:\/\/www.fisifvg.org\/2020\/04\/30\/iosonofisifvg-pietro-pallober\/\">PIETRO PALLOBER<\/a><br \/>\n<a href=\"https:\/\/www.fisifvg.org\/2020\/04\/28\/iosonofisifvg-francesco-cecon\/\">FRANCESCO CECON<\/a><br \/>\n<a href=\"https:\/\/www.fisifvg.org\/2020\/04\/27\/iosonofisifvg-alex-perissutti\/\">ALEX PERISSUTTI<\/a><br \/>\n<a href=\"https:\/\/www.fisifvg.org\/2020\/04\/25\/iosonofisifvg-anna-berra\/\">ANNA BERRA<\/a><br \/>\n<a href=\"https:\/\/www.fisifvg.org\/2020\/04\/24\/iosonofisifvg-martina-di-centa\/\">MARTINA DI CENTA<\/a><br \/>\n<a href=\"https:\/\/www.fisifvg.org\/2020\/04\/23\/iosonofisifvg-giovanni-vanino\/\">GIOVANNI VANINO<\/a><br \/>\n<a href=\"https:\/\/www.fisifvg.org\/2020\/04\/22\/iosonofisifvg-astrid-plosch\/\">ASTRID PL\u00d6SCH<\/a><br \/>\n<a href=\"https:\/\/www.fisifvg.org\/2020\/04\/21\/iosonofisifvg-martino-zambenedetti\/\">MARTINO ZAMBENEDETTI<\/a><br \/>\n<a href=\"https:\/\/www.fisifvg.org\/2020\/04\/20\/iosonofisifvg-renato-moretti\/\">RENATO MORETTI<\/a><br \/>\n<a href=\"https:\/\/www.fisifvg.org\/2020\/04\/19\/iosonofisifvg-gabriele-monteleone\/\">GABRIELE MONTELEONE<\/a><br \/>\n<a href=\"https:\/\/www.fisifvg.org\/2020\/04\/18\/iosonofisifvg-andrea-craievich\/\">ANDREA CRAIEVICH<\/a><br \/>\n<a href=\"https:\/\/www.fisifvg.org\/2020\/04\/17\/iosonofisifvg-fabio-cappellari\/\">FABIO CAPPELLARI<\/a><br \/>\n<a href=\"https:\/\/www.fisifvg.org\/2020\/04\/16\/iosonofisifvg-arturo-severi\/\">ARTURO SEVERI<\/a><br \/>\n<a href=\"https:\/\/www.fisifvg.org\/2020\/04\/15\/iosonofisifvg-caterina-molinari\/\">CATERINA MOLINARI<\/a><br \/>\n<a href=\"https:\/\/www.fisifvg.org\/2020\/04\/14\/iosonofisifvg-greta-pinzani\/\">GRETA PINZANI<\/a><br \/>\n<a href=\"https:\/\/www.fisifvg.org\/2020\/04\/11\/iosonofisifvg-alessandro-tosoni\/\">ALESSANDRO TOSONI<\/a><br \/>\n<a href=\"https:\/\/www.fisifvg.org\/2020\/04\/10\/iosonofisifvg-edoardo-buzzi\/\">EDOARDO BUZZI<\/a><br \/>\n<a href=\"https:\/\/www.fisifvg.org\/2020\/04\/09\/iosonofisifvg-sara-scattolo\/\">SARA SCATTOLO<\/a><br \/>\n<a href=\"https:\/\/www.fisifvg.org\/2020\/04\/07\/iosonofisifvg-martina-zanitzer\/\">MARTINA ZANITZER<\/a><br \/>\n<a href=\"https:\/\/www.fisifvg.org\/2020\/04\/06\/iosonofisifvg-samuele-cusin\/\">SAMUELE CUSIN<\/a><br \/>\n<a href=\"https:\/\/www.fisifvg.org\/2020\/04\/05\/iosonofisifvg-fabio-piller-cottrer\/\">FABIO PILLER COTTRER<\/a><br \/>\n<a href=\"https:\/\/www.fisifvg.org\/2020\/04\/04\/iosonofisifvg-karin-puntel\/\">KARIN PUNTEL<\/a><br \/>\n<a href=\"https:\/\/www.fisifvg.org\/2020\/04\/03\/iosonofisifvg-andrea-campregher\/\">ANDREA CAMPREGHER<\/a><br \/>\n<a href=\"https:\/\/www.fisifvg.org\/2020\/04\/01\/iosonofisifvg-paolo-ramicone\/\">PAOLO RAMICONE<\/a><br \/>\n<a href=\"https:\/\/www.fisifvg.org\/2020\/03\/31\/iosonofisifvg-mattia-piller-hoffer\/\">MATTIA PILLER HOFFER<\/a><br \/>\n<a href=\"https:\/\/www.fisifvg.org\/2020\/03\/30\/iosonofisifvg-aurora-morassi\/\">AURORA MORASSI<\/a><br \/>\n<a href=\"https:\/\/www.fisifvg.org\/2020\/03\/29\/iosonofisifvg-noelia-vuerich\/\">NOELIA VUERICH<\/a><br \/>\n<a href=\"https:\/\/www.fisifvg.org\/2020\/03\/28\/iosonofisifvg-cristiano-agostinis\/\">CRISTIANO AGOSTINIS<\/a><br \/>\n<a href=\"https:\/\/www.fisifvg.org\/2020\/03\/27\/iosonofisifvg-lorenzo-solero\/\">LORENZO SOLERO<\/a><br \/>\n<a href=\"https:\/\/www.fisifvg.org\/2020\/03\/26\/iosonofisifvg-luca-sclisizzo\/\">LUCA SCLISIZZO<\/a><br \/>\n<a href=\"https:\/\/www.fisifvg.org\/2020\/03\/25\/iosonofisifvg-erika-pinzani\/\">ERIKA PINZANI<\/a><br \/>\n<a href=\"https:\/\/www.fisifvg.org\/2020\/03\/23\/iosonofisifvg-caterina-sinigoi\/\">CATERINA SINIGOI<\/a><\/p>\n","protected":false},"excerpt":{"rendered":"<p>Oggi spazio al bachmaniano della squadra regionale di snowboard<\/p>\n","protected":false},"author":4,"featured_media":71039,"comment_status":"closed","ping_status":"closed","sticky":false,"template":"","format":"standard","meta":{"_acf_changed":false,"footnotes":""},"categories":[10,18],"tags":[],"acf":[],"_links":{"self":[{"href":"https:\/\/comitati.fisi.org\/friuli-venezia-giulia\/wp-json\/wp\/v2\/posts\/71034"}],"collection":[{"href":"https:\/\/comitati.fisi.org\/friuli-venezia-giulia\/wp-json\/wp\/v2\/posts"}],"about":[{"href":"https:\/\/comitati.fisi.org\/friuli-venezia-giulia\/wp-json\/wp\/v2\/types\/post"}],"author":[{"embeddable":true,"href":"https:\/\/comitati.fisi.org\/friuli-venezia-giulia\/wp-json\/wp\/v2\/users\/4"}],"replies":[{"embeddable":true,"href":"https:\/\/comitati.fisi.org\/friuli-venezia-giulia\/wp-json\/wp\/v2\/comments?post=71034"}],"version-history":[{"count":0,"href":"https:\/\/comitati.fisi.org\/friuli-venezia-giulia\/wp-json\/wp\/v2\/posts\/71034\/revisions"}],"wp:featuredmedia":[{"embeddable":true,"href":"https:\/\/comitati.fisi.org\/friuli-venezia-giulia\/wp-json\/wp\/v2\/media\/71039"}],"wp:attachment":[{"href":"https:\/\/comitati.fisi.org\/friuli-venezia-giulia\/wp-json\/wp\/v2\/media?parent=71034"}],"wp:term":[{"taxonomy":"category","embeddable":true,"href":"https:\/\/comitati.fisi.org\/friuli-venezia-giulia\/wp-json\/wp\/v2\/categories?post=71034"},{"taxonomy":"post_tag","embeddable":true,"href":"https:\/\/comitati.fisi.org\/friuli-venezia-giulia\/wp-json\/wp\/v2\/tags?post=71034"}],"curies":[{"name":"wp","href":"https:\/\/api.w.org\/{rel}","templated":true}]}}