{"id":71006,"date":"2020-10-01T14:34:21","date_gmt":"2020-10-01T12:34:21","guid":{"rendered":"https:\/\/www.fisifvg.org\/?p=71006"},"modified":"2020-10-01T14:34:21","modified_gmt":"2020-10-01T12:34:21","slug":"fondazione-friuli-affianca-laldo-moro-nel-sostegno-del-team-giovani-di-fondo","status":"publish","type":"post","link":"https:\/\/comitati.fisi.org\/friuli-venezia-giulia\/blog\/2020\/10\/01\/fondazione-friuli-affianca-laldo-moro-nel-sostegno-del-team-giovani-di-fondo\/","title":{"rendered":"Fondazione Friuli affianca l&#8217;Us Aldo Moro nel sostegno del Team Giovani"},"content":{"rendered":"<p><em><strong>Riceviamo dall&#8217;US Aldo Moro Paluzza e volentieri pubblichiamo.<\/strong><\/em><\/p>\n<p><em><strong><br \/>\n<\/strong><\/em>La diffusione del COVID-19 sta condizionando un 2020 tribolato e molto particolare. Ha modificato le abitudini delle persone, sia dal punto di vista lavorativo che scolastico e sportivo.<\/p>\n<p>Tutto quindi con grande incertezza e, tra le tante iniziative sportive dell\u2019Aldo Moro Paluzza, anche il progetto TEAM GIOVANI SCI FONDO che coinvolge 15 giovani ragazzi\/e dai 13 ai 18 anni.<\/p>\n<p>La societ\u00e0 sportiva di Paluzza non si \u00e8 per\u00f2 fermata. Ha dovuto modificare le modalit\u00e0 di svolgimento degli allenamenti rispetto gli anni precedenti, a causa dei nuovi protocolli nazionali ai quali necessita adeguarsi per una responsabile tutela della salute di tutti.<\/p>\n<p>Le precauzioni che ogni giorno gli atleti e allenatori dell\u2019Aldo Moro sono costretti a mettere in pratica, sono: l\u2019uso delle mascherine e il distanziamento sociale. All\u2019inizio di ogni seduta, l\u2019allenatore deve misurare la temperatura corporea agli atleti e riportare i dati su un registro che deve essere conservato. Inoltre ogni 15 giorni i ragazzi devono presentare un\u2019autocertificazione dove dichiarano di non aver contratto il virus.<\/p>\n<p>Per gli allenamenti in palestra si devono organizzare turni per garantire la presenza di massimo due persone alla volta. Alla fine della seduta \u00e8 necessario sanificare l\u2019ambiente e i vari attrezzi utilizzati.<\/p>\n<p>Per quanto riguarda i trasporti, ad inizio stagione (maggio) i pulmini non potevano essere utilizzati visto le regole imposte dal governo. Durante l\u2019estate sui furgoni potevano salire al massimo due persone pi\u00f9 il guidatore quindi alle volte l\u2019autista faceva pi\u00f9 viaggi. Se gli allenamenti venivano svolti nelle vicinanze di Paluzza, gli atleti dovevano essere recuperati dai propri genitori. Da settembre pi\u00f9 persone possono salire sui pulmini per\u00f2 hanno l\u2019obbligo di indossare la mascherina.<\/p>\n<p>A causa di tutti questi adempimenti, uno degli effetti collaterali \u00e8 stato ovviamente l\u2019aumento notevole dei costi.<\/p>\n<p>Un concreto aiuto a tutto questo viene dato dalla FONDAZIONE FRIULI che ha deciso di sostenere la societ\u00e0 di Paluzza garantendo ai giovani atleti la possibilit\u00e0 di svolgere la propria attivit\u00e0 sportiva.<\/p>\n<p>Ringraziamo inoltre lo storico sponsor del sodalizio di Paluzza, la ditta Lavorazione Legnami Spa di Tolmezzo guidata da Michele Ianich.<\/p>\n<p>&nbsp;<\/p>\n","protected":false},"excerpt":{"rendered":"<p>Coinvolti quindici ragazzi e ragazze di et\u00e0 compresa fra i 13 e i 18 anni<\/p>\n","protected":false},"author":4,"featured_media":71011,"comment_status":"closed","ping_status":"closed","sticky":false,"template":"","format":"standard","meta":{"_acf_changed":false,"footnotes":""},"categories":[10,11],"tags":[],"acf":[],"_links":{"self":[{"href":"https:\/\/comitati.fisi.org\/friuli-venezia-giulia\/wp-json\/wp\/v2\/posts\/71006"}],"collection":[{"href":"https:\/\/comitati.fisi.org\/friuli-venezia-giulia\/wp-json\/wp\/v2\/posts"}],"about":[{"href":"https:\/\/comitati.fisi.org\/friuli-venezia-giulia\/wp-json\/wp\/v2\/types\/post"}],"author":[{"embeddable":true,"href":"https:\/\/comitati.fisi.org\/friuli-venezia-giulia\/wp-json\/wp\/v2\/users\/4"}],"replies":[{"embeddable":true,"href":"https:\/\/comitati.fisi.org\/friuli-venezia-giulia\/wp-json\/wp\/v2\/comments?post=71006"}],"version-history":[{"count":0,"href":"https:\/\/comitati.fisi.org\/friuli-venezia-giulia\/wp-json\/wp\/v2\/posts\/71006\/revisions"}],"wp:featuredmedia":[{"embeddable":true,"href":"https:\/\/comitati.fisi.org\/friuli-venezia-giulia\/wp-json\/wp\/v2\/media\/71011"}],"wp:attachment":[{"href":"https:\/\/comitati.fisi.org\/friuli-venezia-giulia\/wp-json\/wp\/v2\/media?parent=71006"}],"wp:term":[{"taxonomy":"category","embeddable":true,"href":"https:\/\/comitati.fisi.org\/friuli-venezia-giulia\/wp-json\/wp\/v2\/categories?post=71006"},{"taxonomy":"post_tag","embeddable":true,"href":"https:\/\/comitati.fisi.org\/friuli-venezia-giulia\/wp-json\/wp\/v2\/tags?post=71006"}],"curies":[{"name":"wp","href":"https:\/\/api.w.org\/{rel}","templated":true}]}}