{"id":70976,"date":"2020-10-01T12:09:45","date_gmt":"2020-10-01T10:09:45","guid":{"rendered":"https:\/\/www.fisifvg.org\/?p=70976"},"modified":"2020-10-01T12:09:45","modified_gmt":"2020-10-01T10:09:45","slug":"iosonofisifvg-elia-spaliviero","status":"publish","type":"post","link":"https:\/\/comitati.fisi.org\/friuli-venezia-giulia\/blog\/2020\/10\/01\/iosonofisifvg-elia-spaliviero\/","title":{"rendered":"#IoSonoFisiFvg \u2013 ELIA SPALIVIERO"},"content":{"rendered":"<p>Tra marzo e maggio abbiamo proposto una rubrica,\u00a0<strong>#IoSonoFisiFvg,<\/strong>\u00a0che ha consentito di conoscere meglio gli atleti delle squadre di Comitato FISI FVG 2019-2020.<strong><br \/>\n<\/strong>Ora stiamo conoscendo anche i <strong>volti nuovi inseriti in squadra nella stagione 2020-2021.<\/strong><br \/>\nOggi spazio allo snowboarder <strong>Elia Spaliviero<\/strong>.<br \/>\n<strong><br \/>\n<\/strong><\/p>\n<p><strong>Sci Club:<\/strong> Bachmann Sport College<br \/>\n<strong>Dove vivi?<\/strong> Tarvisio<br \/>\n<strong>A che et\u00e0 hai iniziato a praticare lo snowboard?<\/strong> A 5 anni<br \/>\n<strong>Ti \u00e8 piaciuto subito? <\/strong>Si, moltissimo. Non esistevano ancora tavole cos\u00ec piccole e ricordo che i miei genitori se ne sono fatta prestare una da un loro amico adulto per poter provare sul piatto della pista dell\u2019\u201dAngelo\u201d a Tarvisio.<br \/>\n<strong>Hai praticato altre discipline invernali<\/strong>? Si: sci alpino, sci nordico e pattinaggio su ghiaccio<\/p>\n<div id=\"attachment_70982\" style=\"width: 410px\" class=\"wp-caption alignleft\"><a href=\"http:\/\/comitati.fisi.org\/friuli-venezia-giulia\/wp-content\/uploads\/sites\/34\/2020\/09\/Shaun-White.jpg\"><img loading=\"lazy\" decoding=\"async\" aria-describedby=\"caption-attachment-70982\" class=\"wp-image-70982\" src=\"http:\/\/comitati.fisi.org\/friuli-venezia-giulia\/wp-content\/uploads\/sites\/34\/2020\/09\/Shaun-White-400x400.jpg\" alt=\"\" width=\"400\" height=\"268\" \/><\/a><p id=\"caption-attachment-70982\" class=\"wp-caption-text\">Shaun White<\/p><\/div>\n<p><strong>Ti ricordi la prima gara?<\/strong> A Piancavallo e mi sono piazzato al primo posto. Mi sono emozionato tantissimo alla partenza del cancelletto: avevo il cuore a 1000, non mi aspettavo certo di vincere<br \/>\n<strong>Chi \u00e8 il tuo allenatore?<\/strong> Stefano Secco e Daniele Calzavara: Stefano \u00e8 molto preparato e severo, Daniele \u00e8 pi\u00f9 goliardico<br \/>\n<strong>Dove credi di dover migliorare?<\/strong> Nel momento della partenza, perch\u00e9 \u00e8 fondamentale la spinta al cancelletto<br \/>\n<strong>Qual \u00e8 la pista pi\u00f9 bella nella quale hai gareggiato?<\/strong> Cervinia<br \/>\n<strong>E quello nel quale un giorno vorresti correre?<\/strong> Mi piacerebbe correre in una pista dove si svolgono i Mondiali<br \/>\n<strong>La miglior gara della tua vita quando e dove \u00e8 stata?<\/strong> A Cervinia, due anni fa, ai Campionati Italiani<br \/>\n<strong>Chi \u00e8 l\u2019amico del cuore?<\/strong> Giovanni Di Mola<br \/>\n<strong>Qual \u00e8 il tuo idolo, d\u2019infanzia e\/o attuale?\u00a0<\/strong>Shaun White<br \/>\n<strong>\u00c8 possibile collimare scuola e sport?\u00a0<\/strong>Nella scuola che frequento, il liceo Bachmann, \u00e8 possibile conciliare sport a livello agonistico e scuola. Questa scuola \u00e8 nata per ragazzi che vogliono studiare, ma anche fare sport ad alti livelli<br \/>\n<strong>Cos\u2019\u00e8 per te lo snowboard? <\/strong>Una parte importante della mia vita<br \/>\n<strong>Nel futuro ti vedi atleta, allenatore o semplice appassionato<\/strong>? Allenatore<\/p>\n<div id=\"attachment_70986\" style=\"width: 337px\" class=\"wp-caption alignright\"><a href=\"http:\/\/comitati.fisi.org\/friuli-venezia-giulia\/wp-content\/uploads\/sites\/34\/2020\/09\/prova-a-prendermi.jpg\"><img loading=\"lazy\" decoding=\"async\" aria-describedby=\"caption-attachment-70986\" class=\"wp-image-70986\" src=\"http:\/\/comitati.fisi.org\/friuli-venezia-giulia\/wp-content\/uploads\/sites\/34\/2020\/09\/prova-a-prendermi-400x400.jpg\" alt=\"\" width=\"327\" height=\"400\" \/><\/a><p id=\"caption-attachment-70986\" class=\"wp-caption-text\">Prova a prendermi<\/p><\/div>\n<p><strong>Il classico sogno nel cassetto?<\/strong> Partecipare alle Olimpiadi di Milano Cortina 2026, dove spero potr\u00e0 venire mio nonno da Belluno<br \/>\n<strong>Musica preferita?<\/strong> Scelgo una canzone, &#8220;Heroes&#8221; di David Bowie<br \/>\n<strong>Gruppo preferito?<\/strong> I Coldplay<br \/>\n<strong>Film preferito?<\/strong> &#8220;Prova a prendermi&#8221; con Leonardi Di Caprio e Tom Hanks<br \/>\n<strong>Attore preferito?<\/strong> Tom Hanks<br \/>\n<strong>Sport extrasci preferito?<\/strong> Tennis e Golf<br \/>\n<strong>Sportivo extrasci preferito?<\/strong> Roger Federer<br \/>\n<strong>Hai qualche hobby?<\/strong> Fotografia, creazione video e drone<br \/>\n<strong>Social preferito?<\/strong> Instagram<br \/>\n<strong>Il luogo pi\u00f9 bello che hai visitato:<\/strong> l&#8217;Islanda<br \/>\n<strong>Vorrei fare una vacanza a:<\/strong> in Norvegia<\/p>\n<p>&nbsp;<\/p>\n<p><strong>LEGGI LE ALTRE SCHEDE<\/strong><\/p>\n<p><a href=\"https:\/\/www.fisifvg.org\/2020\/09\/16\/iosonofisifvg-maria-gismondi\/\">MARIA GISMONDI<\/a><br \/>\n<a href=\"https:\/\/www.fisifvg.org\/2020\/08\/22\/iosonofisifvg-luca-quinz\/\">LUCA QUINZ<\/a><br \/>\n<a href=\"https:\/\/www.fisifvg.org\/2020\/09\/05\/iosonofisifvg-giada-monegato\/\">GIADA MONEGATO<\/a><br \/>\n<a href=\"https:\/\/www.fisifvg.org\/2020\/09\/02\/iosonofisifvg-mattia-del-torre\/\">MATTIA DEL TORRE<\/a><br \/>\n<a href=\"https:\/\/www.fisifvg.org\/2020\/08\/24\/iosonofisifvg-alessandro-bellemo\/\">ALESSANDRO BELLEMO<\/a><br \/>\n<a href=\"https:\/\/www.fisifvg.org\/2020\/08\/21\/iosonofisifvg-francesco-la-grassa\/\">FRANCESCO LA GRASSA<\/a><br \/>\n<a href=\"https:\/\/www.fisifvg.org\/2020\/08\/18\/iosonofisifvg-nicolas-ribbi\/\">NICOLAS RIBBI<\/a><br \/>\n<a href=\"https:\/\/www.fisifvg.org\/2020\/08\/14\/iosonofisifvg-giulia-federicis\/\">GIULIA FEDERICIS<\/a><br \/>\n<a href=\"https:\/\/www.fisifvg.org\/2020\/08\/12\/iosonofisifvg-marco-gaudenzio\/\">MARCO GAUDENZIO<\/a><br \/>\n<a href=\"https:\/\/www.fisifvg.org\/2020\/08\/09\/iosonofisifvg-giacomo-tarussio\/\">GIACOMO TARUSSIO<\/a><br \/>\n<a href=\"https:\/\/www.fisifvg.org\/2020\/08\/06\/iosonofisifvg-sofia-colombo\/\">SOFIA COLOMBO<\/a><br \/>\n<a href=\"https:\/\/www.fisifvg.org\/2020\/07\/31\/iosonofisifvg-daniele-cochetti\/\">DANIELE COCHETTI<\/a><br \/>\n<a href=\"https:\/\/www.fisifvg.org\/2020\/07\/29\/iosonofisifvg-francesca-tessarolo\/\">FRANCESCA TESSAROLO<\/a><br \/>\n<a href=\"https:\/\/www.fisifvg.org\/2020\/07\/24\/iosonofisifvg-beatrice-costato\/\">BEATRICE COSTATO<\/a><\/p>\n<p><a href=\"https:\/\/www.fisifvg.org\/2020\/05\/17\/iosonofisifvg-luca-kerer\/\">LUCA KERER<\/a><br \/>\n<a href=\"https:\/\/www.fisifvg.org\/2020\/05\/14\/iosonofisifvg-alex-ostolidi\/\">ALEX OSTOLIDI<\/a><br \/>\n<a href=\"https:\/\/www.fisifvg.org\/2020\/05\/12\/iosonofisifvg-serena-del-fabbro\/\">SERENA DEL FABBRO<\/a><br \/>\n<a href=\"https:\/\/www.fisifvg.org\/2020\/05\/11\/iosonofisifvg-anna-dosso\/\">ANNA DOSSO<\/a><br \/>\n<a href=\"https:\/\/www.fisifvg.org\/2020\/05\/10\/iosonofisifvg-alberto-benedetti\/\">ALBERTO BENEDETTI<\/a><br \/>\n<a href=\"https:\/\/www.fisifvg.org\/2020\/05\/08\/iosonofisifvg-ludovica-del-bianco\/\">LUDOVICA DEL BIANCO<\/a><br \/>\n<a href=\"https:\/\/www.fisifvg.org\/2020\/05\/06\/iosonofisifvg-ilaria-scattolo\/\">ILARIA SCATTOLO<\/a><br \/>\n<a href=\"https:\/\/www.fisifvg.org\/2020\/05\/05\/iosonofisifvg-davide-graz\/\">DAVIDE GRAZ<\/a><br \/>\n<a href=\"https:\/\/www.fisifvg.org\/2020\/05\/03\/iosonofisifvg-andrea-gartner\/\">ANDREA GARTNER<\/a><br \/>\n<a href=\"https:\/\/www.fisifvg.org\/2020\/05\/02\/iosonofisifvg-giacomo-vidoni\/\">GIACOMO VIDONI<\/a><br \/>\n<a href=\"https:\/\/www.fisifvg.org\/2020\/04\/30\/iosonofisifvg-pietro-pallober\/\">PIETRO PALLOBER<\/a><br \/>\n<a href=\"https:\/\/www.fisifvg.org\/2020\/04\/28\/iosonofisifvg-francesco-cecon\/\">FRANCESCO CECON<\/a><br \/>\n<a href=\"https:\/\/www.fisifvg.org\/2020\/04\/27\/iosonofisifvg-alex-perissutti\/\">ALEX PERISSUTTI<\/a><br \/>\n<a href=\"https:\/\/www.fisifvg.org\/2020\/04\/25\/iosonofisifvg-anna-berra\/\">ANNA BERRA<\/a><br \/>\n<a href=\"https:\/\/www.fisifvg.org\/2020\/04\/24\/iosonofisifvg-martina-di-centa\/\">MARTINA DI CENTA<\/a><br \/>\n<a href=\"https:\/\/www.fisifvg.org\/2020\/04\/23\/iosonofisifvg-giovanni-vanino\/\">GIOVANNI VANINO<\/a><br \/>\n<a href=\"https:\/\/www.fisifvg.org\/2020\/04\/22\/iosonofisifvg-astrid-plosch\/\">ASTRID PL\u00d6SCH<\/a><br \/>\n<a href=\"https:\/\/www.fisifvg.org\/2020\/04\/21\/iosonofisifvg-martino-zambenedetti\/\">MARTINO ZAMBENEDETTI<\/a><br \/>\n<a href=\"https:\/\/www.fisifvg.org\/2020\/04\/20\/iosonofisifvg-renato-moretti\/\">RENATO MORETTI<\/a><br \/>\n<a href=\"https:\/\/www.fisifvg.org\/2020\/04\/19\/iosonofisifvg-gabriele-monteleone\/\">GABRIELE MONTELEONE<\/a><br \/>\n<a href=\"https:\/\/www.fisifvg.org\/2020\/04\/18\/iosonofisifvg-andrea-craievich\/\">ANDREA CRAIEVICH<\/a><br \/>\n<a href=\"https:\/\/www.fisifvg.org\/2020\/04\/17\/iosonofisifvg-fabio-cappellari\/\">FABIO CAPPELLARI<\/a><br \/>\n<a href=\"https:\/\/www.fisifvg.org\/2020\/04\/16\/iosonofisifvg-arturo-severi\/\">ARTURO SEVERI<\/a><br \/>\n<a href=\"https:\/\/www.fisifvg.org\/2020\/04\/15\/iosonofisifvg-caterina-molinari\/\">CATERINA MOLINARI<\/a><br \/>\n<a href=\"https:\/\/www.fisifvg.org\/2020\/04\/14\/iosonofisifvg-greta-pinzani\/\">GRETA PINZANI<\/a><br \/>\n<a href=\"https:\/\/www.fisifvg.org\/2020\/04\/11\/iosonofisifvg-alessandro-tosoni\/\">ALESSANDRO TOSONI<\/a><br \/>\n<a href=\"https:\/\/www.fisifvg.org\/2020\/04\/10\/iosonofisifvg-edoardo-buzzi\/\">EDOARDO BUZZI<\/a><br \/>\n<a href=\"https:\/\/www.fisifvg.org\/2020\/04\/09\/iosonofisifvg-sara-scattolo\/\">SARA SCATTOLO<\/a><br \/>\n<a href=\"https:\/\/www.fisifvg.org\/2020\/04\/07\/iosonofisifvg-martina-zanitzer\/\">MARTINA ZANITZER<\/a><br \/>\n<a href=\"https:\/\/www.fisifvg.org\/2020\/04\/06\/iosonofisifvg-samuele-cusin\/\">SAMUELE CUSIN<\/a><br \/>\n<a href=\"https:\/\/www.fisifvg.org\/2020\/04\/05\/iosonofisifvg-fabio-piller-cottrer\/\">FABIO PILLER COTTRER<\/a><br \/>\n<a href=\"https:\/\/www.fisifvg.org\/2020\/04\/04\/iosonofisifvg-karin-puntel\/\">KARIN PUNTEL<\/a><br \/>\n<a href=\"https:\/\/www.fisifvg.org\/2020\/04\/03\/iosonofisifvg-andrea-campregher\/\">ANDREA CAMPREGHER<\/a><br \/>\n<a href=\"https:\/\/www.fisifvg.org\/2020\/04\/01\/iosonofisifvg-paolo-ramicone\/\">PAOLO RAMICONE<\/a><br \/>\n<a href=\"https:\/\/www.fisifvg.org\/2020\/03\/31\/iosonofisifvg-mattia-piller-hoffer\/\">MATTIA PILLER HOFFER<\/a><br \/>\n<a href=\"https:\/\/www.fisifvg.org\/2020\/03\/30\/iosonofisifvg-aurora-morassi\/\">AURORA MORASSI<\/a><br \/>\n<a href=\"https:\/\/www.fisifvg.org\/2020\/03\/29\/iosonofisifvg-noelia-vuerich\/\">NOELIA VUERICH<\/a><br \/>\n<a href=\"https:\/\/www.fisifvg.org\/2020\/03\/28\/iosonofisifvg-cristiano-agostinis\/\">CRISTIANO AGOSTINIS<\/a><br \/>\n<a href=\"https:\/\/www.fisifvg.org\/2020\/03\/27\/iosonofisifvg-lorenzo-solero\/\">LORENZO SOLERO<\/a><br \/>\n<a href=\"https:\/\/www.fisifvg.org\/2020\/03\/26\/iosonofisifvg-luca-sclisizzo\/\">LUCA SCLISIZZO<\/a><br \/>\n<a href=\"https:\/\/www.fisifvg.org\/2020\/03\/25\/iosonofisifvg-erika-pinzani\/\">ERIKA PINZANI<\/a><br \/>\n<a href=\"https:\/\/www.fisifvg.org\/2020\/03\/23\/iosonofisifvg-caterina-sinigoi\/\">CATERINA SINIGOI<\/a><\/p>\n","protected":false},"excerpt":{"rendered":"<p>Oggi spazio al bachmaniano della squadra regionale di snowboard<\/p>\n","protected":false},"author":4,"featured_media":70979,"comment_status":"closed","ping_status":"closed","sticky":false,"template":"","format":"standard","meta":{"_acf_changed":false,"footnotes":""},"categories":[10,18],"tags":[],"acf":[],"_links":{"self":[{"href":"https:\/\/comitati.fisi.org\/friuli-venezia-giulia\/wp-json\/wp\/v2\/posts\/70976"}],"collection":[{"href":"https:\/\/comitati.fisi.org\/friuli-venezia-giulia\/wp-json\/wp\/v2\/posts"}],"about":[{"href":"https:\/\/comitati.fisi.org\/friuli-venezia-giulia\/wp-json\/wp\/v2\/types\/post"}],"author":[{"embeddable":true,"href":"https:\/\/comitati.fisi.org\/friuli-venezia-giulia\/wp-json\/wp\/v2\/users\/4"}],"replies":[{"embeddable":true,"href":"https:\/\/comitati.fisi.org\/friuli-venezia-giulia\/wp-json\/wp\/v2\/comments?post=70976"}],"version-history":[{"count":0,"href":"https:\/\/comitati.fisi.org\/friuli-venezia-giulia\/wp-json\/wp\/v2\/posts\/70976\/revisions"}],"wp:featuredmedia":[{"embeddable":true,"href":"https:\/\/comitati.fisi.org\/friuli-venezia-giulia\/wp-json\/wp\/v2\/media\/70979"}],"wp:attachment":[{"href":"https:\/\/comitati.fisi.org\/friuli-venezia-giulia\/wp-json\/wp\/v2\/media?parent=70976"}],"wp:term":[{"taxonomy":"category","embeddable":true,"href":"https:\/\/comitati.fisi.org\/friuli-venezia-giulia\/wp-json\/wp\/v2\/categories?post=70976"},{"taxonomy":"post_tag","embeddable":true,"href":"https:\/\/comitati.fisi.org\/friuli-venezia-giulia\/wp-json\/wp\/v2\/tags?post=70976"}],"curies":[{"name":"wp","href":"https:\/\/api.w.org\/{rel}","templated":true}]}}