{"id":70973,"date":"2020-09-29T16:43:20","date_gmt":"2020-09-29T14:43:20","guid":{"rendered":"https:\/\/www.fisifvg.org\/?p=70973"},"modified":"2020-09-29T16:43:20","modified_gmt":"2020-09-29T14:43:20","slug":"allenamenti-a-tarvisio-per-le-squadre-nazionali-maggiori-di-combinata","status":"publish","type":"post","link":"https:\/\/comitati.fisi.org\/friuli-venezia-giulia\/blog\/2020\/09\/29\/allenamenti-a-tarvisio-per-le-squadre-nazionali-maggiori-di-combinata\/","title":{"rendered":"Allenamenti a Tarvisio per le squadre nazionali maggiori di combinata nordica"},"content":{"rendered":"<p>Un sestetto composto da Samuel Costa, Aaron Kostner,<strong> Raffaele Buzzi (<em>nella foto)<\/em>, Alessandro Pittin,<\/strong> Iacopo Bortolas e Manuel Facchini \u00e8 stato convocato dal direttore tecnico della <strong>squadra nazionale di combinata nordica<\/strong> Federico Riugoni per il raduno previsto fra <strong>Tarvisio<\/strong> e Planica da gioved\u00ec 1 a luned\u00ec 5 ottobre, che sar\u00e0 guidato dall&#8217;allenatore responsabile Danny Winckelmann insieme ai tecnici Ivan Lunardi, Andrea Bezzi, Pietro Frigo ed Enrico Nizzi.<\/p>\n<p>Nella stessa localit\u00e0 saranno presenti anche le ragazze della squadra femminile con Daniela Dejori, Annika Sieff e Lena Prinoth, con l&#8217;allenatore responsabile Ivo Pertile e i tecnici Francesco Benetti e Veronica Broll.<\/p>\n","protected":false},"excerpt":{"rendered":"<p>Nel gruppo anche Alessandro Pittin e Raffaele Buzzi<\/p>\n","protected":false},"author":4,"featured_media":64869,"comment_status":"closed","ping_status":"closed","sticky":false,"template":"","format":"standard","meta":{"_acf_changed":false,"footnotes":""},"categories":[14,10],"tags":[],"acf":[],"_links":{"self":[{"href":"https:\/\/comitati.fisi.org\/friuli-venezia-giulia\/wp-json\/wp\/v2\/posts\/70973"}],"collection":[{"href":"https:\/\/comitati.fisi.org\/friuli-venezia-giulia\/wp-json\/wp\/v2\/posts"}],"about":[{"href":"https:\/\/comitati.fisi.org\/friuli-venezia-giulia\/wp-json\/wp\/v2\/types\/post"}],"author":[{"embeddable":true,"href":"https:\/\/comitati.fisi.org\/friuli-venezia-giulia\/wp-json\/wp\/v2\/users\/4"}],"replies":[{"embeddable":true,"href":"https:\/\/comitati.fisi.org\/friuli-venezia-giulia\/wp-json\/wp\/v2\/comments?post=70973"}],"version-history":[{"count":0,"href":"https:\/\/comitati.fisi.org\/friuli-venezia-giulia\/wp-json\/wp\/v2\/posts\/70973\/revisions"}],"wp:featuredmedia":[{"embeddable":true,"href":"https:\/\/comitati.fisi.org\/friuli-venezia-giulia\/wp-json\/wp\/v2\/media\/64869"}],"wp:attachment":[{"href":"https:\/\/comitati.fisi.org\/friuli-venezia-giulia\/wp-json\/wp\/v2\/media?parent=70973"}],"wp:term":[{"taxonomy":"category","embeddable":true,"href":"https:\/\/comitati.fisi.org\/friuli-venezia-giulia\/wp-json\/wp\/v2\/categories?post=70973"},{"taxonomy":"post_tag","embeddable":true,"href":"https:\/\/comitati.fisi.org\/friuli-venezia-giulia\/wp-json\/wp\/v2\/tags?post=70973"}],"curies":[{"name":"wp","href":"https:\/\/api.w.org\/{rel}","templated":true}]}}