{"id":70936,"date":"2020-09-27T10:34:13","date_gmt":"2020-09-27T08:34:13","guid":{"rendered":"https:\/\/www.fisifvg.org\/?p=70936"},"modified":"2020-09-27T10:34:13","modified_gmt":"2020-09-27T08:34:13","slug":"lara-della-mea-si-sposta-in-austria-per-cinque-giornate-di-allenamenti","status":"publish","type":"post","link":"https:\/\/comitati.fisi.org\/friuli-venezia-giulia\/blog\/2020\/09\/27\/lara-della-mea-si-sposta-in-austria-per-cinque-giornate-di-allenamenti\/","title":{"rendered":"Lara Della Mea si sposta in Austria per cinque giornate di allenamenti"},"content":{"rendered":"<p>Da luned\u00ec 28 settembre a venerd\u00ec 2 ottobre a Hintertux, in Austria, \u00e8 in programma il raduno della squadra azzurra femminile di Coppa del Mondo di slalom.<\/p>\n<p>Convocate Irene Curtoni, <strong>Lara Della Mea <em>(nella foto),<\/em><\/strong> Martina Peterlini e Marta Rossetti, con l&#8217;allenatore responsabile Matteo Guadagnini e il tecnico Davide Marchetti.<\/p>\n","protected":false},"excerpt":{"rendered":"<p>Da luned\u00ec 28 settembre a Hintertux \u00e8 in programma il raduno della squadra azzurra femminile di Coppa del Mondo di slalom<\/p>\n","protected":false},"author":4,"featured_media":69794,"comment_status":"closed","ping_status":"closed","sticky":false,"template":"","format":"standard","meta":{"_acf_changed":false,"footnotes":""},"categories":[10,15],"tags":[],"acf":[],"_links":{"self":[{"href":"https:\/\/comitati.fisi.org\/friuli-venezia-giulia\/wp-json\/wp\/v2\/posts\/70936"}],"collection":[{"href":"https:\/\/comitati.fisi.org\/friuli-venezia-giulia\/wp-json\/wp\/v2\/posts"}],"about":[{"href":"https:\/\/comitati.fisi.org\/friuli-venezia-giulia\/wp-json\/wp\/v2\/types\/post"}],"author":[{"embeddable":true,"href":"https:\/\/comitati.fisi.org\/friuli-venezia-giulia\/wp-json\/wp\/v2\/users\/4"}],"replies":[{"embeddable":true,"href":"https:\/\/comitati.fisi.org\/friuli-venezia-giulia\/wp-json\/wp\/v2\/comments?post=70936"}],"version-history":[{"count":0,"href":"https:\/\/comitati.fisi.org\/friuli-venezia-giulia\/wp-json\/wp\/v2\/posts\/70936\/revisions"}],"wp:featuredmedia":[{"embeddable":true,"href":"https:\/\/comitati.fisi.org\/friuli-venezia-giulia\/wp-json\/wp\/v2\/media\/69794"}],"wp:attachment":[{"href":"https:\/\/comitati.fisi.org\/friuli-venezia-giulia\/wp-json\/wp\/v2\/media?parent=70936"}],"wp:term":[{"taxonomy":"category","embeddable":true,"href":"https:\/\/comitati.fisi.org\/friuli-venezia-giulia\/wp-json\/wp\/v2\/categories?post=70936"},{"taxonomy":"post_tag","embeddable":true,"href":"https:\/\/comitati.fisi.org\/friuli-venezia-giulia\/wp-json\/wp\/v2\/tags?post=70936"}],"curies":[{"name":"wp","href":"https:\/\/api.w.org\/{rel}","templated":true}]}}