{"id":70882,"date":"2020-09-23T12:05:58","date_gmt":"2020-09-23T10:05:58","guid":{"rendered":"https:\/\/www.fisifvg.org\/?p=70882"},"modified":"2020-09-23T12:05:58","modified_gmt":"2020-09-23T10:05:58","slug":"emanuele-buzzi-in-svizzera-un-lavoro-di-grande-intensita-sono-molto-contento","status":"publish","type":"post","link":"https:\/\/comitati.fisi.org\/friuli-venezia-giulia\/blog\/2020\/09\/23\/emanuele-buzzi-in-svizzera-un-lavoro-di-grande-intensita-sono-molto-contento\/","title":{"rendered":"Emanuele Buzzi: \u00abIn Svizzera un lavoro di grande intensit\u00e0, sono molto contento\u00bb"},"content":{"rendered":"<p><strong>Emanuele Buzzi<\/strong> fa il punto della situazione sulla preparazione prestagionale.\u00a0&#8220;T<em>ra agosto e settembre con i compagni della squadra azzurra abbiamo svolto tre sessioni di lavoro a Zermatt &#8211; <\/em>dice il 25enne scuola Sci Club Sappada &#8211;<em>. Sono state tre settimane di grande intensit\u00e0 in Svizzera: abbiamo lavorato su gigante, superG e discesa. Sono davvero contento di quanto abbiamo fatto, il lavoro \u00e8 stato davvero positivo. \u00c8 rientrato in gruppo anche Paris e avere un\u2019atleta di esperienza e classe come Domme non pu\u00f2 essere che un valore aggiunto per tutti noi&#8221;.<\/em><\/p>\n<p><em>&#8220;Ora ci attendono due settimane di lavoro a secco, poi torneremo a sciare qualche giorno allo Stelvio. La stagione 2020-2021 si avvicina!&#8221;,<\/em> conclude Lele.<\/p>\n","protected":false},"excerpt":{"rendered":"<p>Il 25nne scuola Sci Club Sappada fa il punto della situazione sulla preparazione prestagionale<\/p>\n","protected":false},"author":4,"featured_media":63811,"comment_status":"closed","ping_status":"closed","sticky":false,"template":"","format":"standard","meta":{"_acf_changed":false,"footnotes":""},"categories":[10,15],"tags":[],"acf":[],"_links":{"self":[{"href":"https:\/\/comitati.fisi.org\/friuli-venezia-giulia\/wp-json\/wp\/v2\/posts\/70882"}],"collection":[{"href":"https:\/\/comitati.fisi.org\/friuli-venezia-giulia\/wp-json\/wp\/v2\/posts"}],"about":[{"href":"https:\/\/comitati.fisi.org\/friuli-venezia-giulia\/wp-json\/wp\/v2\/types\/post"}],"author":[{"embeddable":true,"href":"https:\/\/comitati.fisi.org\/friuli-venezia-giulia\/wp-json\/wp\/v2\/users\/4"}],"replies":[{"embeddable":true,"href":"https:\/\/comitati.fisi.org\/friuli-venezia-giulia\/wp-json\/wp\/v2\/comments?post=70882"}],"version-history":[{"count":0,"href":"https:\/\/comitati.fisi.org\/friuli-venezia-giulia\/wp-json\/wp\/v2\/posts\/70882\/revisions"}],"wp:featuredmedia":[{"embeddable":true,"href":"https:\/\/comitati.fisi.org\/friuli-venezia-giulia\/wp-json\/wp\/v2\/media\/63811"}],"wp:attachment":[{"href":"https:\/\/comitati.fisi.org\/friuli-venezia-giulia\/wp-json\/wp\/v2\/media?parent=70882"}],"wp:term":[{"taxonomy":"category","embeddable":true,"href":"https:\/\/comitati.fisi.org\/friuli-venezia-giulia\/wp-json\/wp\/v2\/categories?post=70882"},{"taxonomy":"post_tag","embeddable":true,"href":"https:\/\/comitati.fisi.org\/friuli-venezia-giulia\/wp-json\/wp\/v2\/tags?post=70882"}],"curies":[{"name":"wp","href":"https:\/\/api.w.org\/{rel}","templated":true}]}}