{"id":70866,"date":"2020-09-24T10:36:15","date_gmt":"2020-09-24T08:36:15","guid":{"rendered":"https:\/\/www.fisifvg.org\/?p=70866"},"modified":"2020-09-24T10:36:15","modified_gmt":"2020-09-24T08:36:15","slug":"dieci-giorni-di-lavoro-in-austria-per-cristina-pittin-e-davide-graz","status":"publish","type":"post","link":"https:\/\/comitati.fisi.org\/friuli-venezia-giulia\/blog\/2020\/09\/24\/dieci-giorni-di-lavoro-in-austria-per-cristina-pittin-e-davide-graz\/","title":{"rendered":"Dieci giorni di lavoro in Austria per Cristina Pittin e Davide Graz"},"content":{"rendered":"<p>Abbandonato il Passo dello Stelvio, dove ha svolto buona parte della preparazione estiva sulla neve, la <strong>squadra Milano Cortina 2026 di fondo<\/strong> \u00e8 pronta a viaggiare verso l&#8217;Austria, con destinazione Ramsau, dove lavorer\u00e0 da gioved\u00ec 24 settembre a sabato 3 ottobre con Anna Comarella, Caterina Ganz, Francesca Franchi, Martina Bellini, <strong>Cristina Pittin<\/strong>, Nicole Monsorno, Stefan Zelger, Michael Hellweger, Paolo Ventura, Simone Da Pr\u00e0, Lorenzo Romano e <strong>Davide Graz,<\/strong> alla presenza degli allenatori responsabili Renato Pasini e Fulvio Scola e del tecnico Stefano Zampieri.<\/p>\n<p>&nbsp;<\/p>\n","protected":false},"excerpt":{"rendered":"<p>Abbandonato il Passo dello Stelvio, dove ha svolto buona parte della preparazione estiva sulla neve, la squadra Milano Cortina 2026 di fondo \u00e8 pronta a viaggiare verso Ramsau<\/p>\n","protected":false},"author":4,"featured_media":70868,"comment_status":"closed","ping_status":"closed","sticky":false,"template":"","format":"standard","meta":{"_acf_changed":false,"footnotes":""},"categories":[10,11],"tags":[],"acf":[],"_links":{"self":[{"href":"https:\/\/comitati.fisi.org\/friuli-venezia-giulia\/wp-json\/wp\/v2\/posts\/70866"}],"collection":[{"href":"https:\/\/comitati.fisi.org\/friuli-venezia-giulia\/wp-json\/wp\/v2\/posts"}],"about":[{"href":"https:\/\/comitati.fisi.org\/friuli-venezia-giulia\/wp-json\/wp\/v2\/types\/post"}],"author":[{"embeddable":true,"href":"https:\/\/comitati.fisi.org\/friuli-venezia-giulia\/wp-json\/wp\/v2\/users\/4"}],"replies":[{"embeddable":true,"href":"https:\/\/comitati.fisi.org\/friuli-venezia-giulia\/wp-json\/wp\/v2\/comments?post=70866"}],"version-history":[{"count":0,"href":"https:\/\/comitati.fisi.org\/friuli-venezia-giulia\/wp-json\/wp\/v2\/posts\/70866\/revisions"}],"wp:featuredmedia":[{"embeddable":true,"href":"https:\/\/comitati.fisi.org\/friuli-venezia-giulia\/wp-json\/wp\/v2\/media\/70868"}],"wp:attachment":[{"href":"https:\/\/comitati.fisi.org\/friuli-venezia-giulia\/wp-json\/wp\/v2\/media?parent=70866"}],"wp:term":[{"taxonomy":"category","embeddable":true,"href":"https:\/\/comitati.fisi.org\/friuli-venezia-giulia\/wp-json\/wp\/v2\/categories?post=70866"},{"taxonomy":"post_tag","embeddable":true,"href":"https:\/\/comitati.fisi.org\/friuli-venezia-giulia\/wp-json\/wp\/v2\/tags?post=70866"}],"curies":[{"name":"wp","href":"https:\/\/api.w.org\/{rel}","templated":true}]}}