{"id":70845,"date":"2020-09-23T08:00:16","date_gmt":"2020-09-23T06:00:16","guid":{"rendered":"https:\/\/www.fisifvg.org\/?p=70845"},"modified":"2020-09-23T08:00:16","modified_gmt":"2020-09-23T06:00:16","slug":"allenamenti-ad-anterselva-per-galassi-e-gli-altri-azzurri-dello-skiroll","status":"publish","type":"post","link":"https:\/\/comitati.fisi.org\/friuli-venezia-giulia\/blog\/2020\/09\/23\/allenamenti-ad-anterselva-per-galassi-e-gli-altri-azzurri-dello-skiroll\/","title":{"rendered":"Allenamenti ad Anterselva per Galassi e gli altri azzurri dello skiroll"},"content":{"rendered":"<p>Il direttore tecnico dello skiroll Michel Rainer ha programmato un nuovo raduno per <strong>le squadre nazionali &#8220;A&#8221;, WC junior e osservati di skiroll,<\/strong> previsto dal 25 al 30 settembre ad Anterselva (Bz), per il quale ha convocato Jacopo Giardina, Anna Bolzan, Lisa Bolzan, Riccardo Lorenzo Masiero, Angelo Buttironi, Gianmarco Gatti, <strong>Michael Galassi <em>(nella foto),<\/em><\/strong> Michele Valerio, Elisa Sordello e Laura Montagna.<\/p>\n<p>Presenti anche i tecnici Emanuele Sbabo, Marco Ripamonti e Chabloz Solange.<\/p>\n","protected":false},"excerpt":{"rendered":"<p>Il paluzzano si allener\u00e0 da venerd\u00ec 25 a mercoled\u00ec 30 settembre<\/p>\n","protected":false},"author":4,"featured_media":60808,"comment_status":"closed","ping_status":"closed","sticky":false,"template":"","format":"standard","meta":{"_acf_changed":false,"footnotes":""},"categories":[11],"tags":[],"acf":[],"_links":{"self":[{"href":"https:\/\/comitati.fisi.org\/friuli-venezia-giulia\/wp-json\/wp\/v2\/posts\/70845"}],"collection":[{"href":"https:\/\/comitati.fisi.org\/friuli-venezia-giulia\/wp-json\/wp\/v2\/posts"}],"about":[{"href":"https:\/\/comitati.fisi.org\/friuli-venezia-giulia\/wp-json\/wp\/v2\/types\/post"}],"author":[{"embeddable":true,"href":"https:\/\/comitati.fisi.org\/friuli-venezia-giulia\/wp-json\/wp\/v2\/users\/4"}],"replies":[{"embeddable":true,"href":"https:\/\/comitati.fisi.org\/friuli-venezia-giulia\/wp-json\/wp\/v2\/comments?post=70845"}],"version-history":[{"count":0,"href":"https:\/\/comitati.fisi.org\/friuli-venezia-giulia\/wp-json\/wp\/v2\/posts\/70845\/revisions"}],"wp:featuredmedia":[{"embeddable":true,"href":"https:\/\/comitati.fisi.org\/friuli-venezia-giulia\/wp-json\/wp\/v2\/media\/60808"}],"wp:attachment":[{"href":"https:\/\/comitati.fisi.org\/friuli-venezia-giulia\/wp-json\/wp\/v2\/media?parent=70845"}],"wp:term":[{"taxonomy":"category","embeddable":true,"href":"https:\/\/comitati.fisi.org\/friuli-venezia-giulia\/wp-json\/wp\/v2\/categories?post=70845"},{"taxonomy":"post_tag","embeddable":true,"href":"https:\/\/comitati.fisi.org\/friuli-venezia-giulia\/wp-json\/wp\/v2\/tags?post=70845"}],"curies":[{"name":"wp","href":"https:\/\/api.w.org\/{rel}","templated":true}]}}