{"id":70803,"date":"2020-09-18T14:29:25","date_gmt":"2020-09-18T12:29:25","guid":{"rendered":"https:\/\/www.fisifvg.org\/?p=70803"},"modified":"2020-09-18T14:29:25","modified_gmt":"2020-09-18T12:29:25","slug":"atleta-del-secolo-fisi-manuela-di-centa-battuta-di-misura-da-dorothea-wierer","status":"publish","type":"post","link":"https:\/\/comitati.fisi.org\/friuli-venezia-giulia\/blog\/2020\/09\/18\/atleta-del-secolo-fisi-manuela-di-centa-battuta-di-misura-da-dorothea-wierer\/","title":{"rendered":"Atleta del Secolo FISI, Manuela Di Centa battuta di misura da Dorothea Wierer"},"content":{"rendered":"<p>La Federazione Italiana Sport Invernali si appresta a festeggiare l&#8217;importante traguardo dei 100 anni dalla sua nascita ed \u00e8 pronta ad eleggere l&#8217;atleta (in gara solo gli atleti viventi che hanno partecipato ad edizioni di Coppa del mondo) che in questo secolo di vita ha scritto le pagine pi\u00f9 belle degli sport invernali fra le quindici discipline appartenenti alla nostra Federazione. Un gioco che inizialmente ha visto coinvolti 32 nomi schierati in un tabellone tennistico, il cui vincitore verr\u00e0 votato settimanalmente dagli appassionati lettori di <a href=\"http:\/\/www.fisi.org\">www.fisi.org<\/a> e <a href=\"http:\/\/www.fisi.org\">www.gazzetta.it<\/a>, fino alla proclamazione di marted\u00ec 6 ottobre.<\/p>\n<p>Archiviati i primi due turni con sfide appassionanti, alcune delle quali si sono decise veramente all&#8217;ultimo voto, \u00e8 giunto il momento dei quarti di finale: si voter\u00e0 fino a gioved\u00ec 24 settembre, a seguire semifinali e la finalissima a partire dal 30 settembre. La parte alta del tabellone vede affrontarsi due miti dello sci alpino come Alberto Tomba (tre ori e due argenti olimpici, una Coppa del mondo) affronta Kristian Ghedina (tredici vittorie in tappe di Coppa del mondo e un bronzo mondiale), tutto da gustare anche il derby fra Federica Brignone (un bronzo olimpico, due medaglie mondiali e prima donna a vincere la Cdm) e Sofia Goggia (campionessa olimpica di discesa). Nella parte bassa la regina del biathlon Dorothea Wierer (due volte regina della Cdm, due medaglie olimpiche e dieci medaglie iridate complessive, battuta<strong> Manuela Di Centa<\/strong> con il 51.6% dei voti contro il 48.4% della campionessa di Paluzza) trova Piero Gros (un oro olimpico, tre medaglie mondiali e vincitore di una Cdm) e il re dello slittino Armin Zoeggeler (sei medaglie olimpiche in sei differenti edizioni, sedici medaglie mondiali e dieci volte re di Cdm) prova a battere Gustavo Thoeni (un oro e due argenti olimpici, tre volte vincitore della Cdm).<\/p>\n<p>Ecco il link dal quale si pu\u00f2 votare:<strong>\u00a0<a href=\"https:\/\/www.gazzetta.it\/Sport-Invernali\/18-09-2020\/fisi-sondaggio-gazzetta-vota-piu-grande-secolo-quarti-3802066233043.shtml\">VOTA L&#8217;ATLETA DEL SECOLO<\/a><\/strong><\/p>\n<p><strong>TABELLONE ATLETA DEL SECOLO<\/strong><\/p>\n<p><strong>QUARTI DI FINALE (si vota fino al 24 settembre)<br \/>\n<\/strong><br \/>\n<em>Alberto Tomba-Kristian Ghedina<\/em><br \/>\n<em>Federica Brignone-Sofia Goggia<\/em><br \/>\n<em>Piero Gros-Dorothea Wierer<\/em><br \/>\n<em>Armin Zoeggeler-Gustav Thoeni<\/em><\/p>\n","protected":false},"excerpt":{"rendered":"<p>La sfida \u00e8 giunta ai quarti di finale<\/p>\n","protected":false},"author":4,"featured_media":70731,"comment_status":"closed","ping_status":"closed","sticky":false,"template":"","format":"standard","meta":{"_acf_changed":false,"footnotes":""},"categories":[10,17],"tags":[],"acf":[],"_links":{"self":[{"href":"https:\/\/comitati.fisi.org\/friuli-venezia-giulia\/wp-json\/wp\/v2\/posts\/70803"}],"collection":[{"href":"https:\/\/comitati.fisi.org\/friuli-venezia-giulia\/wp-json\/wp\/v2\/posts"}],"about":[{"href":"https:\/\/comitati.fisi.org\/friuli-venezia-giulia\/wp-json\/wp\/v2\/types\/post"}],"author":[{"embeddable":true,"href":"https:\/\/comitati.fisi.org\/friuli-venezia-giulia\/wp-json\/wp\/v2\/users\/4"}],"replies":[{"embeddable":true,"href":"https:\/\/comitati.fisi.org\/friuli-venezia-giulia\/wp-json\/wp\/v2\/comments?post=70803"}],"version-history":[{"count":0,"href":"https:\/\/comitati.fisi.org\/friuli-venezia-giulia\/wp-json\/wp\/v2\/posts\/70803\/revisions"}],"wp:featuredmedia":[{"embeddable":true,"href":"https:\/\/comitati.fisi.org\/friuli-venezia-giulia\/wp-json\/wp\/v2\/media\/70731"}],"wp:attachment":[{"href":"https:\/\/comitati.fisi.org\/friuli-venezia-giulia\/wp-json\/wp\/v2\/media?parent=70803"}],"wp:term":[{"taxonomy":"category","embeddable":true,"href":"https:\/\/comitati.fisi.org\/friuli-venezia-giulia\/wp-json\/wp\/v2\/categories?post=70803"},{"taxonomy":"post_tag","embeddable":true,"href":"https:\/\/comitati.fisi.org\/friuli-venezia-giulia\/wp-json\/wp\/v2\/tags?post=70803"}],"curies":[{"name":"wp","href":"https:\/\/api.w.org\/{rel}","templated":true}]}}