{"id":70793,"date":"2020-09-18T11:13:07","date_gmt":"2020-09-18T09:13:07","guid":{"rendered":"https:\/\/www.fisifvg.org\/?p=70793"},"modified":"2020-09-18T11:13:07","modified_gmt":"2020-09-18T09:13:07","slug":"ripresa-attivita-sportiva-lappello-del-presidente-del-coni-fvg-brandolin","status":"publish","type":"post","link":"https:\/\/comitati.fisi.org\/friuli-venezia-giulia\/blog\/2020\/09\/18\/ripresa-attivita-sportiva-lappello-del-presidente-del-coni-fvg-brandolin\/","title":{"rendered":"Ripresa attivit\u00e0 sportiva, l&#8217;appello del presidente del CONI FVG Brandolin"},"content":{"rendered":"<p><em><strong>Riceviamo e volentieri pubblichiamo.<\/strong><\/em><\/p>\n<p>La ripresa dell\u2019attivit\u00e0 sportiva \u00e8 sicuramente motivo di grande soddisfazione per il Presidente del CONI regionale Giorgio Brandolin, ancora di pi\u00f9 oggi che diverse discipline hanno ripreso con regolarit\u00e0 i propri campionati.<\/p>\n<p>Il Presidente Brandolin, a nome del movimento sportivo regionale, richiama per\u00f2 alla responsabilit\u00e0 tutti i tesserati del Friuli Venezia Giulia, siano essi atleti, dirigenti o tecnici.<\/p>\n<p><em>\u201cNonostante i contagi aumentino in modo considerevole in tutto il Paese, i numeri del Friuli Venezia Giulia restano, per fortuna, contenuti. Ci sono stati per\u00f2 degli episodi che rischiano di inficiare in modo pesante il ritorno alla normalit\u00e0 anche sotto il profilo sportivo. Per tale motivo faccio un appello a tutti gli sportivi regionali, soprattutto ai pi\u00f9 giovani e li\u00a0 richiamo al senso di responsabilit\u00e0 e ad un rigore nei comportamenti. Indossate la mascherina quando non riuscite a mantenere un\u2019adeguata distanza dagli amici, dai compagni di squadra o quando uscite per la \u201cmovida\u201d. Se vi siete trovati in situazioni a rischio, cercate di fare tutti i controlli necessari prima di tornare a fare sport, prima di tornare a gareggiare, prima di tornare in squadra. La salute dei compagni, dei tecnici e degli avversari pu\u00f2 trovarsi in pericolo se i vostri atteggiamenti non sono stati adeguati, cos\u00ec come la salute dei vostri cari, soprattutto se non sono pi\u00f9 giovanissimi\u201d.<\/em><\/p>\n<p>L\u2019accorato appello del Presidente arriva in un periodo delicato coincidente con la riapertura delle scuole che sar\u00e0 un duro banco di prova per tutti. Il richiamo al senso di responsabilit\u00e0 e alla massima attenzione rivolto agli sportivi regionali invitando tutti a mantenere atteggiamenti cautelativi si prefigge lo scopo soprattutto di salvaguardare la salute degli interessati ma anche di evitare il blocco dei campionati che, in caso di contagi<br \/>\naccertati degli atleti, sarebbero inevitabili con conseguenze pesantissime per le oltre 3000 Societ\u00e0 sportive regionali.<\/p>\n<p><em><strong>(nella foto, da sinistra, il presidente della FISI FVG Maurizio Dunnhofer e il presidente del CONI FVG Giorgio Brandolin)<\/strong><\/em><\/p>\n","protected":false},"excerpt":{"rendered":"<p>Il messaggio arriva in un periodo delicato, coincidente con la riapertura delle scuole, un duro banco di prova per tutti<\/p>\n","protected":false},"author":4,"featured_media":70797,"comment_status":"closed","ping_status":"closed","sticky":false,"template":"","format":"standard","meta":{"_acf_changed":false,"footnotes":""},"categories":[10,17],"tags":[],"acf":[],"_links":{"self":[{"href":"https:\/\/comitati.fisi.org\/friuli-venezia-giulia\/wp-json\/wp\/v2\/posts\/70793"}],"collection":[{"href":"https:\/\/comitati.fisi.org\/friuli-venezia-giulia\/wp-json\/wp\/v2\/posts"}],"about":[{"href":"https:\/\/comitati.fisi.org\/friuli-venezia-giulia\/wp-json\/wp\/v2\/types\/post"}],"author":[{"embeddable":true,"href":"https:\/\/comitati.fisi.org\/friuli-venezia-giulia\/wp-json\/wp\/v2\/users\/4"}],"replies":[{"embeddable":true,"href":"https:\/\/comitati.fisi.org\/friuli-venezia-giulia\/wp-json\/wp\/v2\/comments?post=70793"}],"version-history":[{"count":0,"href":"https:\/\/comitati.fisi.org\/friuli-venezia-giulia\/wp-json\/wp\/v2\/posts\/70793\/revisions"}],"wp:featuredmedia":[{"embeddable":true,"href":"https:\/\/comitati.fisi.org\/friuli-venezia-giulia\/wp-json\/wp\/v2\/media\/70797"}],"wp:attachment":[{"href":"https:\/\/comitati.fisi.org\/friuli-venezia-giulia\/wp-json\/wp\/v2\/media?parent=70793"}],"wp:term":[{"taxonomy":"category","embeddable":true,"href":"https:\/\/comitati.fisi.org\/friuli-venezia-giulia\/wp-json\/wp\/v2\/categories?post=70793"},{"taxonomy":"post_tag","embeddable":true,"href":"https:\/\/comitati.fisi.org\/friuli-venezia-giulia\/wp-json\/wp\/v2\/tags?post=70793"}],"curies":[{"name":"wp","href":"https:\/\/api.w.org\/{rel}","templated":true}]}}