{"id":70775,"date":"2020-09-14T13:18:57","date_gmt":"2020-09-14T11:18:57","guid":{"rendered":"https:\/\/www.fisifvg.org\/?p=70775"},"modified":"2020-09-14T13:18:57","modified_gmt":"2020-09-14T11:18:57","slug":"raduno-a-zermatt-per-emanuele-buzzi-c","status":"publish","type":"post","link":"https:\/\/comitati.fisi.org\/friuli-venezia-giulia\/blog\/2020\/09\/14\/raduno-a-zermatt-per-emanuele-buzzi-c\/","title":{"rendered":"Raduno a Zermatt per Emanuele Buzzi &amp; C."},"content":{"rendered":"<p>Secondo giro insieme ai compagni di squadra per Dominik Paris, ormai pienamente recuperato sotto il profilo fisico dopo l&#8217;infortunio al legamento crociato del ginocchio destro.<\/p>\n<p>Il campione della Val d&#8217;Ultimo \u00e8 stato convocato dal direttore sportivo Massimo Rinaldi per il raduno della squadra di velocit\u00e0 di sci alpino in programma da marted\u00ec 15 a luned\u00ec 21 settembre sulle nevi svizzere di Zermatt al quale prenderanno parte anche Cristof Innerhofer, <strong>Emanuele Buzzi<em> (nella foto)<\/em>,<\/strong> Mattia Casse, Alexander Prast e Matteo Marsaglia.<\/p>\n<p>Presenti anche il direttore tecnico Alberto Ghidoni, Christian Corradino, Raimund Plancker, Walter Ronconi e Michael Gufler.<\/p>\n","protected":false},"excerpt":{"rendered":"<p>Appuntamento con i big della velocit\u00e0 azzurri dal 15 al 21 settembre<\/p>\n","protected":false},"author":4,"featured_media":65122,"comment_status":"closed","ping_status":"closed","sticky":false,"template":"","format":"standard","meta":{"_acf_changed":false,"footnotes":""},"categories":[10,15],"tags":[],"acf":[],"_links":{"self":[{"href":"https:\/\/comitati.fisi.org\/friuli-venezia-giulia\/wp-json\/wp\/v2\/posts\/70775"}],"collection":[{"href":"https:\/\/comitati.fisi.org\/friuli-venezia-giulia\/wp-json\/wp\/v2\/posts"}],"about":[{"href":"https:\/\/comitati.fisi.org\/friuli-venezia-giulia\/wp-json\/wp\/v2\/types\/post"}],"author":[{"embeddable":true,"href":"https:\/\/comitati.fisi.org\/friuli-venezia-giulia\/wp-json\/wp\/v2\/users\/4"}],"replies":[{"embeddable":true,"href":"https:\/\/comitati.fisi.org\/friuli-venezia-giulia\/wp-json\/wp\/v2\/comments?post=70775"}],"version-history":[{"count":0,"href":"https:\/\/comitati.fisi.org\/friuli-venezia-giulia\/wp-json\/wp\/v2\/posts\/70775\/revisions"}],"wp:featuredmedia":[{"embeddable":true,"href":"https:\/\/comitati.fisi.org\/friuli-venezia-giulia\/wp-json\/wp\/v2\/media\/65122"}],"wp:attachment":[{"href":"https:\/\/comitati.fisi.org\/friuli-venezia-giulia\/wp-json\/wp\/v2\/media?parent=70775"}],"wp:term":[{"taxonomy":"category","embeddable":true,"href":"https:\/\/comitati.fisi.org\/friuli-venezia-giulia\/wp-json\/wp\/v2\/categories?post=70775"},{"taxonomy":"post_tag","embeddable":true,"href":"https:\/\/comitati.fisi.org\/friuli-venezia-giulia\/wp-json\/wp\/v2\/tags?post=70775"}],"curies":[{"name":"wp","href":"https:\/\/api.w.org\/{rel}","templated":true}]}}