{"id":70693,"date":"2020-09-01T11:01:28","date_gmt":"2020-09-01T09:01:28","guid":{"rendered":"https:\/\/www.fisifvg.org\/?p=70693"},"modified":"2020-09-01T11:01:28","modified_gmt":"2020-09-01T09:01:28","slug":"lallenatore-azzurro-guadagnini-lara-della-mea-sta-sciando-molto-bene","status":"publish","type":"post","link":"https:\/\/comitati.fisi.org\/friuli-venezia-giulia\/blog\/2020\/09\/01\/lallenatore-azzurro-guadagnini-lara-della-mea-sta-sciando-molto-bene\/","title":{"rendered":"L&#8217;allenatore responsabile azzurro Guadagnini: \u00abLara Della Mea sta sciando molto bene\u00bb"},"content":{"rendered":"<p>Dopo una decina di giorni di stacco, riprendono gli allenamenti sulla neve per il <strong>gruppo femminile di Coppa del mondo di slalom.<\/strong> L&#8217;allenatore responsabile Matteo Guadagnini ha infatti convocato il &#8220;solito&#8221; quartetto composto da Irene Curtoni,<strong> Lara Della Mea<em> (nella foto di copertina),<\/em><\/strong> Marta Rossetti e Martina Peterlini da gioved\u00ec 3 a mercoled\u00ec 9 settembre sul ghiacciaio svizzero di Saas Fee, raduno al quale prenderanno parte anche gli allenatori Davide Marchetti e Alberto Arioli.<\/p>\n<p>Il primo appuntamento stagionale di Coppa del mondo fra i pali stretti \u00e8 previsto a Levi (Fin) sabato 21 novembre, in attesa che venga confermato dalla Federazione Internazionale.<\/p>\n<div id=\"attachment_70694\" style=\"width: 410px\" class=\"wp-caption alignright\"><a href=\"http:\/\/comitati.fisi.org\/friuli-venezia-giulia\/wp-content\/uploads\/sites\/34\/2020\/09\/ALPINO-2020-Matteo-Guadagnini.jpg\"><img loading=\"lazy\" decoding=\"async\" aria-describedby=\"caption-attachment-70694\" class=\"wp-image-70694 size-thumbnail\" src=\"http:\/\/comitati.fisi.org\/friuli-venezia-giulia\/wp-content\/uploads\/sites\/34\/2020\/09\/ALPINO-2020-Matteo-Guadagnini-400x400.jpg\" alt=\"\" width=\"400\" height=\"400\" \/><\/a><p id=\"caption-attachment-70694\" class=\"wp-caption-text\">Matteo Guadagnini<\/p><\/div>\n<p>&#8220;Abbiamo archiviato il periodo di addestramento e da questo blocco cominciamo a mettere le ragazze un po&#8217; pi\u00f9 sotto pressione &#8211; spiega Guadagnini -. Dallo scorso raduno allo Stelvio, Irene Curtoni \u00e8 tornata stabilmente nel gruppo, nel 2021 correr\u00e0 solamente in slalom e le sue condizioni sono buone come tutte le sue compagne. Il gruppo sta crescendo bene, dobbiamo ripartire dopo i segnali positivi della passata stagione che ci hanno dato indicazioni confortanti. Mi spiace non avere chiuso l&#8217;anno con gli ultimi tre slalom in programma, avevamo cartucce importante da giocarci. Intendiamo ripartire da quel punto per salire ulteriormente. Vogliamo farci trovare nelle quindici, Peterlini e <strong>Della Mea stanno sciando molto bene, sono partite forti e stanno alzando l&#8217;asticella,<\/strong> Rossetti ha incontrato qualche maggiore difficolt\u00e0, ma ha il tempo e le qualit\u00e0 per crescere e quando arriver\u00e0 la prima gara si far\u00e0 trovare pronta. A settembre scieremo insieme alle ragazze della squadra di Coppa Europa e alle tre ragazze Elite per fare un punto della situazione generale&#8221;.<\/p>\n<p>L&#8217;esordio \u00e8 previsto sabato 21 novembre a Levi, in Finlandia, anche se esiste l&#8217;ipotesi che sulla pista finlandese si disputino addirittura due gare fra i pali stretti, nell&#8217;ambito della ristrutturazione del calendario che la Federazione Internazionale potrebbe fare alla fine di settembre.<br \/>\n&#8220;Sinceramente spero non accada, perch\u00e9 non \u00e8 mai stato un pendio favorevole alle nostre caratteristiche, se dovesse essere cercheremo di prepararci al meglio come sempre, sarebbe un&#8217;occasione di crescita&#8221;.<\/p>\n<p>Qualche dubbio anche sui paralleli: &#8220;A quanto pare saranno orientati tutti verso il gigante, non \u00e8 molto chiara la situazione al momento&#8221;.<\/p>\n","protected":false},"excerpt":{"rendered":"<p>Dopo una decina di giorni di stacco, riprendono gli allenamenti sulla neve per il gruppo femminile di Coppa del mondo di slalom<\/p>\n","protected":false},"author":4,"featured_media":64029,"comment_status":"closed","ping_status":"closed","sticky":false,"template":"","format":"standard","meta":{"_acf_changed":false,"footnotes":""},"categories":[10,15],"tags":[],"acf":[],"_links":{"self":[{"href":"https:\/\/comitati.fisi.org\/friuli-venezia-giulia\/wp-json\/wp\/v2\/posts\/70693"}],"collection":[{"href":"https:\/\/comitati.fisi.org\/friuli-venezia-giulia\/wp-json\/wp\/v2\/posts"}],"about":[{"href":"https:\/\/comitati.fisi.org\/friuli-venezia-giulia\/wp-json\/wp\/v2\/types\/post"}],"author":[{"embeddable":true,"href":"https:\/\/comitati.fisi.org\/friuli-venezia-giulia\/wp-json\/wp\/v2\/users\/4"}],"replies":[{"embeddable":true,"href":"https:\/\/comitati.fisi.org\/friuli-venezia-giulia\/wp-json\/wp\/v2\/comments?post=70693"}],"version-history":[{"count":0,"href":"https:\/\/comitati.fisi.org\/friuli-venezia-giulia\/wp-json\/wp\/v2\/posts\/70693\/revisions"}],"wp:featuredmedia":[{"embeddable":true,"href":"https:\/\/comitati.fisi.org\/friuli-venezia-giulia\/wp-json\/wp\/v2\/media\/64029"}],"wp:attachment":[{"href":"https:\/\/comitati.fisi.org\/friuli-venezia-giulia\/wp-json\/wp\/v2\/media?parent=70693"}],"wp:term":[{"taxonomy":"category","embeddable":true,"href":"https:\/\/comitati.fisi.org\/friuli-venezia-giulia\/wp-json\/wp\/v2\/categories?post=70693"},{"taxonomy":"post_tag","embeddable":true,"href":"https:\/\/comitati.fisi.org\/friuli-venezia-giulia\/wp-json\/wp\/v2\/tags?post=70693"}],"curies":[{"name":"wp","href":"https:\/\/api.w.org\/{rel}","templated":true}]}}