{"id":70691,"date":"2020-08-31T12:13:41","date_gmt":"2020-08-31T10:13:41","guid":{"rendered":"https:\/\/www.fisifvg.org\/?p=70691"},"modified":"2020-08-31T12:13:41","modified_gmt":"2020-08-31T10:13:41","slug":"raduno-in-ghiacciaio-per-emanuele-buzzi","status":"publish","type":"post","link":"https:\/\/comitati.fisi.org\/friuli-venezia-giulia\/blog\/2020\/08\/31\/raduno-in-ghiacciaio-per-emanuele-buzzi\/","title":{"rendered":"Raduno in ghiacciaio per Emanuele Buzzi"},"content":{"rendered":"<p>Federica Brignone e Sofia Goggia saranno impegnate gioved\u00ec 3 settembre nei consueti test valutativi che si svolgono ciclicamente presso lo Sport Service Mapei di Olgiate Olona (Va) insieme al tecnico Marcello Tavola, mentre il giorno successivo sar\u00e0 il turno di Marta Bassino. Le colleghe della velocit\u00e0 ritornano invece in pista sul ghiacciaio svizzero di Zermatt da gioved\u00ec 3 a mercoled\u00ec 9 settembre con Elena Curtoni, Francesca Marsaglia, Nicol Delago, Nadia Delago e Verena Gasslitter, insieme all&#8217;allenatore responsabile Giovanni Feltrin e al tecnico Paolo Stefanini.<\/p>\n<p>Sulla stessa pista di alterneranno nel lavoro gli uomini-jet di Alberto Ghidoni con Christof Innerhofer, <strong>Emanuele Buzzi <em>(nella foto)<\/em>,<\/strong> Mattia Casse, Alexander Prast, Matteo Marsaglia, a cui si aggiunge Riccardo Tonetti. Dominik Paris prosegue il lavoro di recupero atletico a casa, ci saranno gli allenatori Raimund Plancker, Christian Corradino, Valter Ronconi e Michael Gufler.<\/p>\n","protected":false},"excerpt":{"rendered":"<p>Il sappadino e gli altri azzurri delle discipline veloci si alleneranno a Zermatti, in Svizzera<\/p>\n","protected":false},"author":4,"featured_media":66070,"comment_status":"closed","ping_status":"closed","sticky":false,"template":"","format":"standard","meta":{"_acf_changed":false,"footnotes":""},"categories":[15],"tags":[],"acf":[],"_links":{"self":[{"href":"https:\/\/comitati.fisi.org\/friuli-venezia-giulia\/wp-json\/wp\/v2\/posts\/70691"}],"collection":[{"href":"https:\/\/comitati.fisi.org\/friuli-venezia-giulia\/wp-json\/wp\/v2\/posts"}],"about":[{"href":"https:\/\/comitati.fisi.org\/friuli-venezia-giulia\/wp-json\/wp\/v2\/types\/post"}],"author":[{"embeddable":true,"href":"https:\/\/comitati.fisi.org\/friuli-venezia-giulia\/wp-json\/wp\/v2\/users\/4"}],"replies":[{"embeddable":true,"href":"https:\/\/comitati.fisi.org\/friuli-venezia-giulia\/wp-json\/wp\/v2\/comments?post=70691"}],"version-history":[{"count":0,"href":"https:\/\/comitati.fisi.org\/friuli-venezia-giulia\/wp-json\/wp\/v2\/posts\/70691\/revisions"}],"wp:featuredmedia":[{"embeddable":true,"href":"https:\/\/comitati.fisi.org\/friuli-venezia-giulia\/wp-json\/wp\/v2\/media\/66070"}],"wp:attachment":[{"href":"https:\/\/comitati.fisi.org\/friuli-venezia-giulia\/wp-json\/wp\/v2\/media?parent=70691"}],"wp:term":[{"taxonomy":"category","embeddable":true,"href":"https:\/\/comitati.fisi.org\/friuli-venezia-giulia\/wp-json\/wp\/v2\/categories?post=70691"},{"taxonomy":"post_tag","embeddable":true,"href":"https:\/\/comitati.fisi.org\/friuli-venezia-giulia\/wp-json\/wp\/v2\/tags?post=70691"}],"curies":[{"name":"wp","href":"https:\/\/api.w.org\/{rel}","templated":true}]}}