{"id":70675,"date":"2020-08-30T10:43:43","date_gmt":"2020-08-30T08:43:43","guid":{"rendered":"https:\/\/www.fisifvg.org\/?p=70675"},"modified":"2020-08-30T10:43:43","modified_gmt":"2020-08-30T08:43:43","slug":"gismondi-e-gaudenzio-al-raduno-azzurro-dello-skiroll-presente-anche-galassi","status":"publish","type":"post","link":"https:\/\/comitati.fisi.org\/friuli-venezia-giulia\/blog\/2020\/08\/30\/gismondi-e-gaudenzio-al-raduno-azzurro-dello-skiroll-presente-anche-galassi\/","title":{"rendered":"Gismondi e Gaudenzio al raduno azzurro dello skiroll, presente anche Galassi"},"content":{"rendered":"<p>Il direttore tecnico dello skiroll nazionale Michel Rainer ha convocato dodici atleti delle squadre di Coppa del mondo, giovani e osservati per il raduno che si tiene sulla pista di Passo Lavaz\u00e8 (Tn) da luned\u00ec 31 agosto a venerd\u00ec 4 settembre.<\/p>\n<p>Presenti Jacopo Giardina, Emanuele Becchis, il carnico <strong>Michael Galassi,<\/strong> Michele Valerio, Gianmarco Gatti, Laura Montagna, la coppia della <strong>squadra FISI FVG di fondo Maria Gismondi e Marco Gaudenzio (Bachmann),<\/strong> Giovanni Lorenzetti, Samuele Giraudo, Axel Artusi e Riccardo Munari.<\/p>\n<p>In loro compagnia l&#8217;allenatore responsabile Emanuele Sbabo e i tecnici Solange Chabloz e Marco Ripamonti.<\/p>\n<p>&nbsp;<\/p>\n<p>&nbsp;<\/p>\n<p>&nbsp;<\/p>\n<p>&nbsp;<\/p>\n","protected":false},"excerpt":{"rendered":"<p>Il direttore tecnico Michel Rainer ha convocato dodici atleti delle squadre di Coppa del mondo, giovani e osservati per gli allenamenti di Passo Lavaz\u00e8<\/p>\n","protected":false},"author":4,"featured_media":70677,"comment_status":"closed","ping_status":"closed","sticky":false,"template":"","format":"standard","meta":{"_acf_changed":false,"footnotes":""},"categories":[10,11,23],"tags":[],"acf":[],"_links":{"self":[{"href":"https:\/\/comitati.fisi.org\/friuli-venezia-giulia\/wp-json\/wp\/v2\/posts\/70675"}],"collection":[{"href":"https:\/\/comitati.fisi.org\/friuli-venezia-giulia\/wp-json\/wp\/v2\/posts"}],"about":[{"href":"https:\/\/comitati.fisi.org\/friuli-venezia-giulia\/wp-json\/wp\/v2\/types\/post"}],"author":[{"embeddable":true,"href":"https:\/\/comitati.fisi.org\/friuli-venezia-giulia\/wp-json\/wp\/v2\/users\/4"}],"replies":[{"embeddable":true,"href":"https:\/\/comitati.fisi.org\/friuli-venezia-giulia\/wp-json\/wp\/v2\/comments?post=70675"}],"version-history":[{"count":0,"href":"https:\/\/comitati.fisi.org\/friuli-venezia-giulia\/wp-json\/wp\/v2\/posts\/70675\/revisions"}],"wp:featuredmedia":[{"embeddable":true,"href":"https:\/\/comitati.fisi.org\/friuli-venezia-giulia\/wp-json\/wp\/v2\/media\/70677"}],"wp:attachment":[{"href":"https:\/\/comitati.fisi.org\/friuli-venezia-giulia\/wp-json\/wp\/v2\/media?parent=70675"}],"wp:term":[{"taxonomy":"category","embeddable":true,"href":"https:\/\/comitati.fisi.org\/friuli-venezia-giulia\/wp-json\/wp\/v2\/categories?post=70675"},{"taxonomy":"post_tag","embeddable":true,"href":"https:\/\/comitati.fisi.org\/friuli-venezia-giulia\/wp-json\/wp\/v2\/tags?post=70675"}],"curies":[{"name":"wp","href":"https:\/\/api.w.org\/{rel}","templated":true}]}}