{"id":70648,"date":"2020-08-28T10:48:09","date_gmt":"2020-08-28T08:48:09","guid":{"rendered":"https:\/\/www.fisifvg.org\/?p=70648"},"modified":"2020-08-28T10:48:09","modified_gmt":"2020-08-28T08:48:09","slug":"oggi-il-50-compleanno-dello-sci-club-70","status":"publish","type":"post","link":"https:\/\/comitati.fisi.org\/friuli-venezia-giulia\/blog\/2020\/08\/28\/oggi-il-50-compleanno-dello-sci-club-70\/","title":{"rendered":"Oggi il 50\u00b0 compleanno dello Sci Club 70"},"content":{"rendered":"<p><em><strong>Riceviamo dallo Sci Club 70 e volentieri pubblichiamo.<\/strong><\/em><\/p>\n<p><a href=\"http:\/\/comitati.fisi.org\/friuli-venezia-giulia\/wp-content\/uploads\/sites\/34\/2020\/08\/foto-gruppo-Malago.jpg\"><img loading=\"lazy\" decoding=\"async\" class=\"alignleft wp-image-70651\" src=\"http:\/\/comitati.fisi.org\/friuli-venezia-giulia\/wp-content\/uploads\/sites\/34\/2020\/08\/foto-gruppo-Malago-400x400.jpg\" alt=\"\" width=\"400\" height=\"300\" \/><\/a>Era il 28 agosto del 1970 quando ci fu la prima convocazione della Polisportiva Libertas Sci club 70. Nella palestra di via Vespucci, dopo la lettura dello statuto da parte del sig. Rustia e l&#8217;illustrazione dell&#8217;organizzazione della societ\u00e0 sportiva da parte del dott Elia, il presidente Livio Manzin firm\u00f2 il verbale, presentando le prime 3 circolari: ginnastica presciatoria, preparazione atletica a secco e soggiorno natalizio a Brunico.<br \/>\nIn quella circostanza fu fissata pure la prima assemblea dei soci al 10 settembre dello stesso anno.<\/p>\n<p>Da quel fine estate di 50 anni fa, lo Sci club 70 ne ha fatta di strada, avvicinando agli sport invernali e, in particolare, allo sci alpino, due generazioni di triestini, che ebbero l&#8217;opportunit\u00e0 di mettere gli sci ai piedi alla pista di plastica, oggi Centro FISI, di Aurisina.<\/p>\n<p><a href=\"http:\/\/comitati.fisi.org\/friuli-venezia-giulia\/wp-content\/uploads\/sites\/34\/2020\/08\/Roda-Andreassich-e-Brandolin.jpg\"><img loading=\"lazy\" decoding=\"async\" class=\"alignright wp-image-70652\" src=\"http:\/\/comitati.fisi.org\/friuli-venezia-giulia\/wp-content\/uploads\/sites\/34\/2020\/08\/Roda-Andreassich-e-Brandolin-400x400.jpg\" alt=\"\" width=\"340\" height=\"350\" \/><\/a>Nel 1971 venne attivata anche la sezione dedicata allo sci nordico e nel 2020 quelle dei biathlon.<br \/>\n<em><br \/>\n&#8220;Mezzo secolo di orgoglio, soddisfazione, passione, sfide, programmazione e tenacia &#8211;<\/em> afferma l&#8217;attuale presidente del club, Roberto Andreassich -, <em>che ci portano ad affrontare il futuro con fiducia ed ottimismo, confidando soprattutto sui nostri soci, sulle famiglie e sulle istituzioni nazionali, regionali e locali che sono sempre state al nostro fianco&#8221;.<\/em><\/p>\n<p>La prossima stagione \u00e9 alle porte ed il primo appuntamento \u00e9 fissato gi\u00e0 alla met\u00e0 del mese di settembre con gli open days e la partenza dei corsi all&#8217;impianto Nevesole di Aurisina.<\/p>\n<p><strong><em>(nelle foto le visite del presidente del CONI Giovanni Malag\u00f2 nel 2020 e del presidente della FISI Flavio Roda nel 2017)<\/em><\/strong><\/p>\n","protected":false},"excerpt":{"rendered":"<p>Era il 28 agosto del 1970 quando ci fu la prima convocazione della Polisportiva Libertas Sci club 70<\/p>\n","protected":false},"author":4,"featured_media":70650,"comment_status":"closed","ping_status":"closed","sticky":false,"template":"","format":"standard","meta":{"_acf_changed":false,"footnotes":""},"categories":[17],"tags":[],"acf":[],"_links":{"self":[{"href":"https:\/\/comitati.fisi.org\/friuli-venezia-giulia\/wp-json\/wp\/v2\/posts\/70648"}],"collection":[{"href":"https:\/\/comitati.fisi.org\/friuli-venezia-giulia\/wp-json\/wp\/v2\/posts"}],"about":[{"href":"https:\/\/comitati.fisi.org\/friuli-venezia-giulia\/wp-json\/wp\/v2\/types\/post"}],"author":[{"embeddable":true,"href":"https:\/\/comitati.fisi.org\/friuli-venezia-giulia\/wp-json\/wp\/v2\/users\/4"}],"replies":[{"embeddable":true,"href":"https:\/\/comitati.fisi.org\/friuli-venezia-giulia\/wp-json\/wp\/v2\/comments?post=70648"}],"version-history":[{"count":0,"href":"https:\/\/comitati.fisi.org\/friuli-venezia-giulia\/wp-json\/wp\/v2\/posts\/70648\/revisions"}],"wp:featuredmedia":[{"embeddable":true,"href":"https:\/\/comitati.fisi.org\/friuli-venezia-giulia\/wp-json\/wp\/v2\/media\/70650"}],"wp:attachment":[{"href":"https:\/\/comitati.fisi.org\/friuli-venezia-giulia\/wp-json\/wp\/v2\/media?parent=70648"}],"wp:term":[{"taxonomy":"category","embeddable":true,"href":"https:\/\/comitati.fisi.org\/friuli-venezia-giulia\/wp-json\/wp\/v2\/categories?post=70648"},{"taxonomy":"post_tag","embeddable":true,"href":"https:\/\/comitati.fisi.org\/friuli-venezia-giulia\/wp-json\/wp\/v2\/tags?post=70648"}],"curies":[{"name":"wp","href":"https:\/\/api.w.org\/{rel}","templated":true}]}}