{"id":70624,"date":"2020-08-25T13:21:29","date_gmt":"2020-08-25T11:21:29","guid":{"rendered":"https:\/\/www.fisifvg.org\/?p=70624"},"modified":"2020-08-25T13:21:29","modified_gmt":"2020-08-25T11:21:29","slug":"concluso-il-ritiro-dei-giovani-biathleti-azzurri-a-forni-avoltri","status":"publish","type":"post","link":"https:\/\/comitati.fisi.org\/friuli-venezia-giulia\/blog\/2020\/08\/25\/concluso-il-ritiro-dei-giovani-biathleti-azzurri-a-forni-avoltri\/","title":{"rendered":"Concluso il ritiro dei giovani biathleti azzurri a Forni Avoltri"},"content":{"rendered":"<p>Si \u00e8 chiuso a Forni Avoltri il raduno del team juniores\/giovani di biathlon, che ha visto coinvolti un nutrito gruppo composto da David Zingerle, Iacopo Leonesio, Michele Molinari, Stefano Canavese, Elia Zeni, Marco Barale, Nicol\u00f2 Betemps, <strong>Daniele Fauner<\/strong>, Beatrice Trabucchi, Hannah Auchentaller, Linda Zingerle, Martina Trabucchi, Rebecca Passler, Gaia Brunetto, <strong>Sara Scattolo e Ilaria Scattolo<\/strong>, seguiti dagli allenatori <strong>Mirco Romanin e Daniele Piller Roner<\/strong>, con il supporto tecnico di Pietro Dutto.<\/p>\n<p>&#8220;Abbiamo lavorato quasi ogni giorno ad alta intensit\u00e0, i ragazzi hanno risposto positivamente alle nostre proposte &#8211; \u00e8 il commento a fine raduno di Romanin -, adesso ci prepariamo per il prossimo raduno di Anterselva che condivideremo con la squadre di Coppa del mondo, sar\u00e0 un&#8217;occasione molto stimolante per alzare l&#8217;asticella e porci nuovi obiettivi: tutti avranno l&#8217;opportuit\u00e0 di confrontarsi con alcuni dei pi\u00f9 grandi interpreti del circuito come Wierer, Vittozzi, Hofer e Windisch, sar\u00e0 importante imparare il maggior numero di cose&#8221;.<\/p>\n","protected":false},"excerpt":{"rendered":"<p>Il commento dell&#8217;allenatore responsabile Mirco Romani<\/p>\n","protected":false},"author":4,"featured_media":70627,"comment_status":"closed","ping_status":"closed","sticky":false,"template":"","format":"standard","meta":{"_acf_changed":false,"footnotes":""},"categories":[13,10],"tags":[],"acf":[],"_links":{"self":[{"href":"https:\/\/comitati.fisi.org\/friuli-venezia-giulia\/wp-json\/wp\/v2\/posts\/70624"}],"collection":[{"href":"https:\/\/comitati.fisi.org\/friuli-venezia-giulia\/wp-json\/wp\/v2\/posts"}],"about":[{"href":"https:\/\/comitati.fisi.org\/friuli-venezia-giulia\/wp-json\/wp\/v2\/types\/post"}],"author":[{"embeddable":true,"href":"https:\/\/comitati.fisi.org\/friuli-venezia-giulia\/wp-json\/wp\/v2\/users\/4"}],"replies":[{"embeddable":true,"href":"https:\/\/comitati.fisi.org\/friuli-venezia-giulia\/wp-json\/wp\/v2\/comments?post=70624"}],"version-history":[{"count":0,"href":"https:\/\/comitati.fisi.org\/friuli-venezia-giulia\/wp-json\/wp\/v2\/posts\/70624\/revisions"}],"wp:featuredmedia":[{"embeddable":true,"href":"https:\/\/comitati.fisi.org\/friuli-venezia-giulia\/wp-json\/wp\/v2\/media\/70627"}],"wp:attachment":[{"href":"https:\/\/comitati.fisi.org\/friuli-venezia-giulia\/wp-json\/wp\/v2\/media?parent=70624"}],"wp:term":[{"taxonomy":"category","embeddable":true,"href":"https:\/\/comitati.fisi.org\/friuli-venezia-giulia\/wp-json\/wp\/v2\/categories?post=70624"},{"taxonomy":"post_tag","embeddable":true,"href":"https:\/\/comitati.fisi.org\/friuli-venezia-giulia\/wp-json\/wp\/v2\/tags?post=70624"}],"curies":[{"name":"wp","href":"https:\/\/api.w.org\/{rel}","templated":true}]}}