{"id":70614,"date":"2020-08-22T11:44:40","date_gmt":"2020-08-22T09:44:40","guid":{"rendered":"https:\/\/www.fisifvg.org\/?p=70614"},"modified":"2020-08-22T11:44:40","modified_gmt":"2020-08-22T09:44:40","slug":"settimana-di-test-con-la-squadra-nazionale-per-i-cinque-under-23-fvg-del-fondo","status":"publish","type":"post","link":"https:\/\/comitati.fisi.org\/friuli-venezia-giulia\/blog\/2020\/08\/22\/settimana-di-test-con-la-squadra-nazionale-per-i-cinque-under-23-fvg-del-fondo\/","title":{"rendered":"Settimana di test con la squadra nazionale per i cinque Under 23 FVG del fondo"},"content":{"rendered":"<p>Settimana di test a Brunico (Bz) per la squadra <strong>Milano-Cortina 2026 di fondo<\/strong>\u00a0al completo, convocata dal direttore tecnico Marco Selle da luned\u00ec 24 a domenica 30 agosto con Anna Comarella, Caterina Ganz, Francesca Franchi, Martina Bellini,<strong> Cristina Pittin,<\/strong> Nicole Monsorno, Stefan Zelger, Michael Hellweger, Paolo Ventura, Simone Da Pr\u00e0, Lorenzo Romano,<strong> Luca Del Fabbro e Davide Graz,<\/strong> con i tecnici Renato Pasini e Fulvio Scola.<\/p>\n<p>I ragazzi pi\u00f9 giovani (nati nel 2000) che fanno parte dello stesso team saranno invece impegnati a Passo Lavaz\u00e8 (Tn) da marted\u00ec 25 agosto a marted\u00ec 1 settembre sulla nuova pista di skiroll con <strong>Martina Di Centa,<\/strong> Valentina Maj, Emilie Jeantet, Mattia Armellini, Giovanni Ticc\u00f2, Francesco Manzoni, Michele Gasperi, Riccardo Bernardi, pi\u00f9 il classe &#8217;98 <strong>Martin Coradazzi<\/strong>, seguiti dal tecnico Simone Paredi.<\/p>\n","protected":false},"excerpt":{"rendered":"<p>Il primo gruppo si allener\u00e0 a Brunico, il secondo a Passo Lavaz\u00e8<\/p>\n","protected":false},"author":4,"featured_media":69382,"comment_status":"closed","ping_status":"closed","sticky":false,"template":"","format":"standard","meta":{"_acf_changed":false,"footnotes":""},"categories":[10,11],"tags":[],"acf":[],"_links":{"self":[{"href":"https:\/\/comitati.fisi.org\/friuli-venezia-giulia\/wp-json\/wp\/v2\/posts\/70614"}],"collection":[{"href":"https:\/\/comitati.fisi.org\/friuli-venezia-giulia\/wp-json\/wp\/v2\/posts"}],"about":[{"href":"https:\/\/comitati.fisi.org\/friuli-venezia-giulia\/wp-json\/wp\/v2\/types\/post"}],"author":[{"embeddable":true,"href":"https:\/\/comitati.fisi.org\/friuli-venezia-giulia\/wp-json\/wp\/v2\/users\/4"}],"replies":[{"embeddable":true,"href":"https:\/\/comitati.fisi.org\/friuli-venezia-giulia\/wp-json\/wp\/v2\/comments?post=70614"}],"version-history":[{"count":0,"href":"https:\/\/comitati.fisi.org\/friuli-venezia-giulia\/wp-json\/wp\/v2\/posts\/70614\/revisions"}],"wp:featuredmedia":[{"embeddable":true,"href":"https:\/\/comitati.fisi.org\/friuli-venezia-giulia\/wp-json\/wp\/v2\/media\/69382"}],"wp:attachment":[{"href":"https:\/\/comitati.fisi.org\/friuli-venezia-giulia\/wp-json\/wp\/v2\/media?parent=70614"}],"wp:term":[{"taxonomy":"category","embeddable":true,"href":"https:\/\/comitati.fisi.org\/friuli-venezia-giulia\/wp-json\/wp\/v2\/categories?post=70614"},{"taxonomy":"post_tag","embeddable":true,"href":"https:\/\/comitati.fisi.org\/friuli-venezia-giulia\/wp-json\/wp\/v2\/tags?post=70614"}],"curies":[{"name":"wp","href":"https:\/\/api.w.org\/{rel}","templated":true}]}}